{"id":1018,"date":"2022-12-27T17:40:32","date_gmt":"2022-12-27T17:40:32","guid":{"rendered":"https:\/\/blog-kathrinseverin.ch\/?p=1018"},"modified":"2022-12-28T20:34:06","modified_gmt":"2022-12-28T20:34:06","slug":"haesch-gmaeckt-2-3-2-2-2-2-2-2-2-2-2-2-2-2-2-2-2","status":"publish","type":"post","link":"https:\/\/blog-kathrinseverin.ch\/index.php\/2022\/12\/27\/haesch-gmaeckt-2-3-2-2-2-2-2-2-2-2-2-2-2-2-2-2-2\/","title":{"rendered":"Verreisen und unterwegs sein. Und \u00c4mel."},"content":{"rendered":"\n<figure class=\"wp-block-image size-large\"><img loading=\"lazy\" decoding=\"async\" width=\"1024\" height=\"1024\" src=\"https:\/\/blog-kathrinseverin.ch\/wp-content\/uploads\/2022\/12\/35-1024x1024.jpg\" alt=\"\" class=\"wp-image-1020\" srcset=\"https:\/\/blog-kathrinseverin.ch\/wp-content\/uploads\/2022\/12\/35-1024x1024.jpg 1024w, https:\/\/blog-kathrinseverin.ch\/wp-content\/uploads\/2022\/12\/35-300x300.jpg 300w, https:\/\/blog-kathrinseverin.ch\/wp-content\/uploads\/2022\/12\/35-150x150.jpg 150w, https:\/\/blog-kathrinseverin.ch\/wp-content\/uploads\/2022\/12\/35-768x768.jpg 768w, https:\/\/blog-kathrinseverin.ch\/wp-content\/uploads\/2022\/12\/35-1536x1536.jpg 1536w, https:\/\/blog-kathrinseverin.ch\/wp-content\/uploads\/2022\/12\/35-100x100.jpg 100w, https:\/\/blog-kathrinseverin.ch\/wp-content\/uploads\/2022\/12\/35.jpg 1757w\" sizes=\"auto, (max-width: 767px) 89vw, (max-width: 1000px) 54vw, (max-width: 1071px) 543px, 580px\" \/><figcaption class=\"wp-element-caption\">Mein Vater, 1955 in Genua<\/figcaption><\/figure>\n\n\n\n<p>Unterwegs mit wenig Gep\u00e4ck und klarem Blick nach vorne. Mit diesem Lieblingsbild w\u00fcnsche ich von Herzen ein spannendes, gl\u00fcckliches Unterwegs-Sein im kommenden Jahr. Mit Zeit, um aus der Ruhe heraus klar zu sehen und klug zu entscheiden.<\/p>\n\n\n\n<p>Unterwegs-Sein, verreisen,  kann man auf verschiedene Arten: Meine Gedanken verreisen oft durch Konzentrationsl\u00f6cher in alle Richtungen.  Manche nennen das Kreativit\u00e4t &#8211; aber meist schl\u00fcpfen diese Ged\u00e4nklein im ung\u00fcnstigsten Moment irgendwo hin. Das f\u00fchrt dann zu ungenauem Denken, zu unaufmerksamem Zuh\u00f6ren, zu uneffizientem Arbeiten. Dabei w\u00fcnschte ich mir doch bei der Sache zu bleiben, mit klarem Fokus. <br><br>Manchmal m\u00f6chte ich deshalb einfach Ruhe, Entspanntheit, Leere. Um klar zu sehen, um Wesentliches von Unwesentlichem unterscheiden zu k\u00f6nnen. F\u00fcr mich heisst das: Zeichnungszeit.<\/p>\n\n\n\n<figure class=\"wp-block-image size-large\"><img loading=\"lazy\" decoding=\"async\" width=\"1024\" height=\"576\" src=\"https:\/\/blog-kathrinseverin.ch\/wp-content\/uploads\/2022\/12\/valdeleure_2000_a-1024x576.jpg\" alt=\"\" class=\"wp-image-1022\" srcset=\"https:\/\/blog-kathrinseverin.ch\/wp-content\/uploads\/2022\/12\/valdeleure_2000_a-1024x576.jpg 1024w, https:\/\/blog-kathrinseverin.ch\/wp-content\/uploads\/2022\/12\/valdeleure_2000_a-300x169.jpg 300w, https:\/\/blog-kathrinseverin.ch\/wp-content\/uploads\/2022\/12\/valdeleure_2000_a-768x432.jpg 768w, https:\/\/blog-kathrinseverin.ch\/wp-content\/uploads\/2022\/12\/valdeleure_2000_a-1536x864.jpg 1536w, https:\/\/blog-kathrinseverin.ch\/wp-content\/uploads\/2022\/12\/valdeleure_2000_a.jpg 2000w\" sizes=\"auto, (max-width: 767px) 89vw, (max-width: 1000px) 54vw, (max-width: 1071px) 543px, 580px\" \/><figcaption class=\"wp-element-caption\">eine Spiegelung aus dem Vall\u00e9e de l&#8217;Eure bei Uz\u00e8s<\/figcaption><\/figure>\n\n\n\n<p>Gedankenreisen k\u00f6nnen auch Tr\u00e4ume sein und T\u00fcren \u00f6ffnen zu neuen Einsichten. Denn gl\u00fccklicherweise m\u00fcssen sich Tr\u00e4ume nicht der Realit\u00e4t stellen, so k\u00f6nnen sie zum Ursprung von neuen, mutigen Ideen und zukunftsweisenden Projekten werden. M\u00e4ngisch \u00e4mel.<\/p>\n\n\n\n<figure class=\"wp-block-image size-large\"><img loading=\"lazy\" decoding=\"async\" width=\"1024\" height=\"576\" src=\"https:\/\/blog-kathrinseverin.ch\/wp-content\/uploads\/2022\/12\/Pontdugardschatten_2000-1024x576.jpg\" alt=\"\" class=\"wp-image-1023\" srcset=\"https:\/\/blog-kathrinseverin.ch\/wp-content\/uploads\/2022\/12\/Pontdugardschatten_2000-1024x576.jpg 1024w, https:\/\/blog-kathrinseverin.ch\/wp-content\/uploads\/2022\/12\/Pontdugardschatten_2000-300x169.jpg 300w, https:\/\/blog-kathrinseverin.ch\/wp-content\/uploads\/2022\/12\/Pontdugardschatten_2000-768x432.jpg 768w, https:\/\/blog-kathrinseverin.ch\/wp-content\/uploads\/2022\/12\/Pontdugardschatten_2000-1536x864.jpg 1536w, https:\/\/blog-kathrinseverin.ch\/wp-content\/uploads\/2022\/12\/Pontdugardschatten_2000.jpg 2000w\" sizes=\"auto, (max-width: 767px) 89vw, (max-width: 1000px) 54vw, (max-width: 1071px) 543px, 580px\" \/><figcaption class=\"wp-element-caption\">Ein Tr\u00e4umer bei der Pont du Gard<\/figcaption><\/figure>\n\n\n\n<p>Ist die einfachste Art zu reisen der Ortswechsel? Nehmen wir in neuer Umgebung alles in  anderem Licht wahr, auch uns selber? Sind wir im Reisemodus neugieriger, offener, achtsamer, vielleicht mutiger oder spontaner? Auf den ersten Blick vielleicht &#8211; aber eigentlich \u00e4ndert sich nichts &#8211; wir nehmen uns \u00fcberallhin mit. So neugierig, offen, achtsam, mutig oder spontan w\u00e4ren wir immer. \u00c4mel wenn wir es denn zulassen w\u00fcrden. <\/p>\n\n\n\n<p>Nun gut, wir Maler und Zeichner stellen uns, nat\u00fcrlich mit einem Augenzwinkern, jeweils auf eine h\u00f6here Stufe: Wir sind w i r k l i c h  da. Wir beobachten aus der Ruhe heraus, nehmen uns Zeit, sind ganz bei uns und ganz mit unserer Umgebung verschmolzen. Und als Belohnung sammeln wir Erinnerungen, die sich in unserem Ged\u00e4chtnis eingeschrieben haben. Erinnerungen an Farben, Formen, Laute und Ger\u00fcche. Und als Zuckerguss erhalten wir noch unsere Skizzen und Zeichnungen. Kurz gesagt: Zeichnen und Malen macht gl\u00fccklich. W\u00fcrkli.<\/p>\n\n\n\n<figure class=\"wp-block-image size-large\"><img loading=\"lazy\" decoding=\"async\" width=\"1024\" height=\"369\" src=\"https:\/\/blog-kathrinseverin.ch\/wp-content\/uploads\/2022\/11\/SantaM_23_2000-1024x369.jpg\" alt=\"\" class=\"wp-image-925\" srcset=\"https:\/\/blog-kathrinseverin.ch\/wp-content\/uploads\/2022\/11\/SantaM_23_2000-1024x369.jpg 1024w, https:\/\/blog-kathrinseverin.ch\/wp-content\/uploads\/2022\/11\/SantaM_23_2000-300x108.jpg 300w, https:\/\/blog-kathrinseverin.ch\/wp-content\/uploads\/2022\/11\/SantaM_23_2000-768x276.jpg 768w, https:\/\/blog-kathrinseverin.ch\/wp-content\/uploads\/2022\/11\/SantaM_23_2000-1536x553.jpg 1536w, https:\/\/blog-kathrinseverin.ch\/wp-content\/uploads\/2022\/11\/SantaM_23_2000.jpg 2000w\" sizes=\"auto, (max-width: 767px) 89vw, (max-width: 1000px) 54vw, (max-width: 1071px) 543px, 580px\" \/><figcaption class=\"wp-element-caption\">Kleine und grosse Projekte, sorgf\u00e4ltig aufgereiht. Aufnahme aus Santa Margherita.<\/figcaption><\/figure>\n\n\n\n<p><strong>Malerisch unterwegs sein im 2023 <\/strong><\/p>\n\n\n\n<p>Wer kommt mit auf eine Mal- und Skizzier-Reise im n\u00e4chsten Jahr? Vom 20. &#8211; 25. April sind wir in <strong>Paris<\/strong>, da m\u00fcsste man sich bald anmelden. Vom 29. April bis am 6. Mai malen wir am Meer in <strong>Santa Margherita<\/strong>, in der N\u00e4he von Genua. Im Juni sind wir zwei Wochen im <strong>Val Roseg<\/strong> &#8211; dort sind wir vom 11. &#8211; 16. Juni und vom 18. &#8211; 24. Juni. Es sind in beiden Wochen nur noch wenige Pl\u00e4tze frei. In der Provence, in <strong>Uz\u00e8s<\/strong>, sind wir vom 17. bis am 24. September. Und vom 30. September bis am 7. Oktober gehts dann nochmal in den S\u00fcden, nach <strong>Matera<\/strong>, der Unesco Welterbest\u00e4tte, am Kn\u00f6chel Italiens. <\/p>\n\n\n\n<figure class=\"wp-block-image size-large\"><img loading=\"lazy\" decoding=\"async\" width=\"1024\" height=\"576\" src=\"https:\/\/blog-kathrinseverin.ch\/wp-content\/uploads\/2022\/12\/Wanduzes_2000-1024x576.jpg\" alt=\"\" class=\"wp-image-1024\" srcset=\"https:\/\/blog-kathrinseverin.ch\/wp-content\/uploads\/2022\/12\/Wanduzes_2000-1024x576.jpg 1024w, https:\/\/blog-kathrinseverin.ch\/wp-content\/uploads\/2022\/12\/Wanduzes_2000-300x169.jpg 300w, https:\/\/blog-kathrinseverin.ch\/wp-content\/uploads\/2022\/12\/Wanduzes_2000-768x432.jpg 768w, https:\/\/blog-kathrinseverin.ch\/wp-content\/uploads\/2022\/12\/Wanduzes_2000-1536x864.jpg 1536w, https:\/\/blog-kathrinseverin.ch\/wp-content\/uploads\/2022\/12\/Wanduzes_2000.jpg 2000w\" sizes=\"auto, (max-width: 767px) 89vw, (max-width: 1000px) 54vw, (max-width: 1071px) 543px, 580px\" \/><figcaption class=\"wp-element-caption\">Ein Wand-Bild aus Uz\u00e8s<\/figcaption><\/figure>\n\n\n\n<p>\u00dcbers Menu geht`s direkt zur Rubrik Reisen, dort finden sich viele Fotos und alle Informationen. Wer Fragen dazu hat, oder wer sich f\u00fcr eine Reise anmelden m\u00f6chte, erreicht mich in den n\u00e4chsten Wochen NUR \u00fcber <a href=\"mailto:ks@kathrinseverin.ch\">ks@kathrinseverin.ch<\/a> , denn bis Mitte Februar bin ich auf Reisen! <br>Ach, ich bin sooo neugierig wie es sich anf\u00fchlt, in einem wackligen Schiffli auf dem Mekong zu zeichnen oder auf M\u00e4rkten, inmitten von Menschen, Farben und Ger\u00fcchen. Im Februar-Blog zeige ich dann Skizzen und Fotos aus Laos und Kambodja. \u00c4mel e paar devoo&#8230; <br><br>Herzliche Gr\u00fcsse, tr\u00e4umed malerisch sch\u00f6n!<br>Kathrin Severin<\/p>\n\n\n\n<figure class=\"wp-block-image size-large\"><img loading=\"lazy\" decoding=\"async\" width=\"1024\" height=\"576\" src=\"https:\/\/blog-kathrinseverin.ch\/wp-content\/uploads\/2022\/12\/valdeleure_2000-1-1024x576.jpg\" alt=\"\" class=\"wp-image-1026\" srcset=\"https:\/\/blog-kathrinseverin.ch\/wp-content\/uploads\/2022\/12\/valdeleure_2000-1-1024x576.jpg 1024w, https:\/\/blog-kathrinseverin.ch\/wp-content\/uploads\/2022\/12\/valdeleure_2000-1-300x169.jpg 300w, https:\/\/blog-kathrinseverin.ch\/wp-content\/uploads\/2022\/12\/valdeleure_2000-1-768x432.jpg 768w, https:\/\/blog-kathrinseverin.ch\/wp-content\/uploads\/2022\/12\/valdeleure_2000-1-1536x864.jpg 1536w, https:\/\/blog-kathrinseverin.ch\/wp-content\/uploads\/2022\/12\/valdeleure_2000-1.jpg 2000w\" sizes=\"auto, (max-width: 767px) 89vw, (max-width: 1000px) 54vw, (max-width: 1071px) 543px, 580px\" \/><\/figure>\n","protected":false},"excerpt":{"rendered":"<p>Unterwegs mit wenig Gep\u00e4ck und klarem Blick nach vorne. Mit diesem Lieblingsbild w\u00fcnsche ich von Herzen ein spannendes, gl\u00fcckliches Unterwegs-Sein im kommenden Jahr. Mit Zeit, um aus der Ruhe heraus klar zu sehen und klug zu entscheiden. Unterwegs-Sein, verreisen, kann man auf verschiedene Arten: Meine Gedanken verreisen oft durch Konzentrationsl\u00f6cher in alle Richtungen. Manche nennen &hellip; <\/p>\n<p class=\"link-more\"><a href=\"https:\/\/blog-kathrinseverin.ch\/index.php\/2022\/12\/27\/haesch-gmaeckt-2-3-2-2-2-2-2-2-2-2-2-2-2-2-2-2-2\/\" class=\"more-link\"><span class=\"screen-reader-text\">&#171;Verreisen und unterwegs sein. Und \u00c4mel.&#187;<\/span> weiterlesen<\/a><\/p>\n","protected":false},"author":1,"featured_media":0,"comment_status":"open","ping_status":"","sticky":false,"template":"","format":"standard","meta":{"footnotes":""},"categories":[1],"tags":[18,2,5,17,16],"class_list":["post-1018","post","type-post","status-publish","format-standard","hentry","category-allgemein","tag-bad-ragartz","tag-kathrin-severin","tag-kunst","tag-reisen","tag-tri-colore"],"_links":{"self":[{"href":"https:\/\/blog-kathrinseverin.ch\/index.php\/wp-json\/wp\/v2\/posts\/1018","targetHints":{"allow":["GET"]}}],"collection":[{"href":"https:\/\/blog-kathrinseverin.ch\/index.php\/wp-json\/wp\/v2\/posts"}],"about":[{"href":"https:\/\/blog-kathrinseverin.ch\/index.php\/wp-json\/wp\/v2\/types\/post"}],"author":[{"embeddable":true,"href":"https:\/\/blog-kathrinseverin.ch\/index.php\/wp-json\/wp\/v2\/users\/1"}],"replies":[{"embeddable":true,"href":"https:\/\/blog-kathrinseverin.ch\/index.php\/wp-json\/wp\/v2\/comments?post=1018"}],"version-history":[{"count":11,"href":"https:\/\/blog-kathrinseverin.ch\/index.php\/wp-json\/wp\/v2\/posts\/1018\/revisions"}],"predecessor-version":[{"id":1035,"href":"https:\/\/blog-kathrinseverin.ch\/index.php\/wp-json\/wp\/v2\/posts\/1018\/revisions\/1035"}],"wp:attachment":[{"href":"https:\/\/blog-kathrinseverin.ch\/index.php\/wp-json\/wp\/v2\/media?parent=1018"}],"wp:term":[{"taxonomy":"category","embeddable":true,"href":"https:\/\/blog-kathrinseverin.ch\/index.php\/wp-json\/wp\/v2\/categories?post=1018"},{"taxonomy":"post_tag","embeddable":true,"href":"https:\/\/blog-kathrinseverin.ch\/index.php\/wp-json\/wp\/v2\/tags?post=1018"}],"curies":[{"name":"wp","href":"https:\/\/api.w.org\/{rel}","templated":true}]}}