{"id":1181,"date":"2023-09-28T18:00:49","date_gmt":"2023-09-28T16:00:49","guid":{"rendered":"https:\/\/blog-kathrinseverin.ch\/?p=1181"},"modified":"2023-09-28T21:59:01","modified_gmt":"2023-09-28T19:59:01","slug":"haesch-gmaeckt-2-3-2-2-2-2-2-2-2-2-2-2-2-2-2-2-2-2-2-2-2-2","status":"publish","type":"post","link":"https:\/\/blog-kathrinseverin.ch\/index.php\/2023\/09\/28\/haesch-gmaeckt-2-3-2-2-2-2-2-2-2-2-2-2-2-2-2-2-2-2-2-2-2-2\/","title":{"rendered":"Gjufel?"},"content":{"rendered":"\n<p>Ein seltsames Wort. Es klingt lautmalerisch nach verwickeltem Wullechn\u00e4uel, riecht windig und ist schwer zu fassen. Wie ich darauf komme?<\/p>\n\n\n\n<p>Ich frage mich, ob ich am Jufle bin.<\/p>\n\n\n\n<p>Bin ich nicht. Manchmal steht die Zeit einfach still. Beim Zeichnen und Malen nat\u00fcrlich, aber auch, wenn die Gedanken fliegen und an irgendeinem nahen oder fernen Erinnerungsgartenhaag h\u00e4ngen bleiben. Im Moment sind die Erinnerungen in Uz\u00e8s. Es war eine tolle Woche mit einer spannenden Gruppe. Es tr\u00f6stet mich immer, wenn ich mich von einem Lieblingsort verabschiede, dass die Erinnerung bleibt. Und dass man sie vielleicht irgendwann wieder auffrischen kann.<\/p>\n\n\n\n<p><strong>Uz\u00e8s:<\/strong><\/p>\n\n\n\n<p>In Uz\u00e8s haben wir die ganze Altstadt zeichnend erkundet und sind auch ins Vall\u00e9e de l`Eure gewandert. Und wie jedes Jahr stand ein Ausflug zum Pont du Gard auf dem Programm.<\/p>\n\n\n\n<figure class=\"wp-block-image size-large is-resized\"><img loading=\"lazy\" decoding=\"async\" src=\"https:\/\/blog-kathrinseverin.ch\/wp-content\/uploads\/2023\/09\/Uzes_2000_3380-1024x233.jpg\" alt=\"\" class=\"wp-image-1185\" style=\"width:674px;height:153px\" width=\"674\" height=\"153\" srcset=\"https:\/\/blog-kathrinseverin.ch\/wp-content\/uploads\/2023\/09\/Uzes_2000_3380-1024x233.jpg 1024w, https:\/\/blog-kathrinseverin.ch\/wp-content\/uploads\/2023\/09\/Uzes_2000_3380-300x68.jpg 300w, https:\/\/blog-kathrinseverin.ch\/wp-content\/uploads\/2023\/09\/Uzes_2000_3380-768x175.jpg 768w, https:\/\/blog-kathrinseverin.ch\/wp-content\/uploads\/2023\/09\/Uzes_2000_3380-1536x349.jpg 1536w, https:\/\/blog-kathrinseverin.ch\/wp-content\/uploads\/2023\/09\/Uzes_2000_3380.jpg 2000w\" sizes=\"auto, (max-width: 674px) 100vw, 674px\" \/><\/figure>\n\n\n\n<figure class=\"wp-block-image size-large is-resized\"><img loading=\"lazy\" decoding=\"async\" src=\"https:\/\/blog-kathrinseverin.ch\/wp-content\/uploads\/2023\/09\/Uzes_2000_3372-1024x365.jpg\" alt=\"\" class=\"wp-image-1182\" style=\"width:674px;height:240px\" width=\"674\" height=\"240\" srcset=\"https:\/\/blog-kathrinseverin.ch\/wp-content\/uploads\/2023\/09\/Uzes_2000_3372-1024x365.jpg 1024w, https:\/\/blog-kathrinseverin.ch\/wp-content\/uploads\/2023\/09\/Uzes_2000_3372-300x107.jpg 300w, https:\/\/blog-kathrinseverin.ch\/wp-content\/uploads\/2023\/09\/Uzes_2000_3372-768x274.jpg 768w, https:\/\/blog-kathrinseverin.ch\/wp-content\/uploads\/2023\/09\/Uzes_2000_3372-1536x548.jpg 1536w, https:\/\/blog-kathrinseverin.ch\/wp-content\/uploads\/2023\/09\/Uzes_2000_3372.jpg 2000w\" sizes=\"auto, (max-width: 674px) 100vw, 674px\" \/><\/figure>\n\n\n\n<figure class=\"wp-block-image size-large\"><img loading=\"lazy\" decoding=\"async\" width=\"1024\" height=\"281\" src=\"https:\/\/blog-kathrinseverin.ch\/wp-content\/uploads\/2023\/09\/Uzes_2000_3373-1024x281.jpg\" alt=\"\" class=\"wp-image-1183\" srcset=\"https:\/\/blog-kathrinseverin.ch\/wp-content\/uploads\/2023\/09\/Uzes_2000_3373-1024x281.jpg 1024w, https:\/\/blog-kathrinseverin.ch\/wp-content\/uploads\/2023\/09\/Uzes_2000_3373-300x82.jpg 300w, https:\/\/blog-kathrinseverin.ch\/wp-content\/uploads\/2023\/09\/Uzes_2000_3373-768x211.jpg 768w, https:\/\/blog-kathrinseverin.ch\/wp-content\/uploads\/2023\/09\/Uzes_2000_3373-1536x422.jpg 1536w, https:\/\/blog-kathrinseverin.ch\/wp-content\/uploads\/2023\/09\/Uzes_2000_3373.jpg 2000w\" sizes=\"auto, (max-width: 767px) 89vw, (max-width: 1000px) 54vw, (max-width: 1071px) 543px, 580px\" \/><\/figure>\n\n\n\n<figure class=\"wp-block-image size-large\"><img loading=\"lazy\" decoding=\"async\" width=\"1024\" height=\"210\" src=\"https:\/\/blog-kathrinseverin.ch\/wp-content\/uploads\/2023\/09\/Uzes_2000_3378-1024x210.jpg\" alt=\"\" class=\"wp-image-1184\" srcset=\"https:\/\/blog-kathrinseverin.ch\/wp-content\/uploads\/2023\/09\/Uzes_2000_3378-1024x210.jpg 1024w, https:\/\/blog-kathrinseverin.ch\/wp-content\/uploads\/2023\/09\/Uzes_2000_3378-300x62.jpg 300w, https:\/\/blog-kathrinseverin.ch\/wp-content\/uploads\/2023\/09\/Uzes_2000_3378-768x158.jpg 768w, https:\/\/blog-kathrinseverin.ch\/wp-content\/uploads\/2023\/09\/Uzes_2000_3378-1536x316.jpg 1536w, https:\/\/blog-kathrinseverin.ch\/wp-content\/uploads\/2023\/09\/Uzes_2000_3378.jpg 2000w\" sizes=\"auto, (max-width: 767px) 89vw, (max-width: 1000px) 54vw, (max-width: 1071px) 543px, 580px\" \/><\/figure>\n\n\n\n<figure class=\"wp-block-image size-large\"><img loading=\"lazy\" decoding=\"async\" width=\"1024\" height=\"362\" src=\"https:\/\/blog-kathrinseverin.ch\/wp-content\/uploads\/2023\/09\/Uzes_2000_3381-1024x362.jpg\" alt=\"\" class=\"wp-image-1186\" srcset=\"https:\/\/blog-kathrinseverin.ch\/wp-content\/uploads\/2023\/09\/Uzes_2000_3381-1024x362.jpg 1024w, https:\/\/blog-kathrinseverin.ch\/wp-content\/uploads\/2023\/09\/Uzes_2000_3381-300x106.jpg 300w, https:\/\/blog-kathrinseverin.ch\/wp-content\/uploads\/2023\/09\/Uzes_2000_3381-768x271.jpg 768w, https:\/\/blog-kathrinseverin.ch\/wp-content\/uploads\/2023\/09\/Uzes_2000_3381-1536x543.jpg 1536w, https:\/\/blog-kathrinseverin.ch\/wp-content\/uploads\/2023\/09\/Uzes_2000_3381.jpg 2000w\" sizes=\"auto, (max-width: 767px) 89vw, (max-width: 1000px) 54vw, (max-width: 1071px) 543px, 580px\" \/><\/figure>\n\n\n\n<p>Und zwischendurch hat mich die Farbenfreude gepackt, dann wurde alles etwas abstrakter&#8230;<\/p>\n\n\n\n<figure class=\"wp-block-image size-large\"><img loading=\"lazy\" decoding=\"async\" width=\"1024\" height=\"176\" src=\"https:\/\/blog-kathrinseverin.ch\/wp-content\/uploads\/2023\/09\/Uzes_2000_3383-1024x176.jpg\" alt=\"\" class=\"wp-image-1188\" srcset=\"https:\/\/blog-kathrinseverin.ch\/wp-content\/uploads\/2023\/09\/Uzes_2000_3383-1024x176.jpg 1024w, https:\/\/blog-kathrinseverin.ch\/wp-content\/uploads\/2023\/09\/Uzes_2000_3383-300x51.jpg 300w, https:\/\/blog-kathrinseverin.ch\/wp-content\/uploads\/2023\/09\/Uzes_2000_3383-768x132.jpg 768w, https:\/\/blog-kathrinseverin.ch\/wp-content\/uploads\/2023\/09\/Uzes_2000_3383-1536x263.jpg 1536w, https:\/\/blog-kathrinseverin.ch\/wp-content\/uploads\/2023\/09\/Uzes_2000_3383.jpg 2000w\" sizes=\"auto, (max-width: 767px) 89vw, (max-width: 1000px) 54vw, (max-width: 1071px) 543px, 580px\" \/><\/figure>\n\n\n\n<p><strong>Indien:<\/strong><br><br>Im Sommer war ich vier Wochen in Indien unterwegs. Eine neue Welt &#8211; vielf\u00e4ltig, kontrastreich, \u00fcberw\u00e4ltigend, herausfordernd, fremd, unverst\u00e4ndlich, faszinierend. Zuerst beeindruckten die wilden Landschaften in Ladakh, danach der Kontrast:  das &#171;richtige&#187; Indien, von Delhi nach Varanasi. Ich war, ehrlich gesagt, etwas \u00fcberfordert von diesem Land &#8211; und das hat mir gut getan! Und ich bin sehr froh, dass ich zeichnen konnte, um die vielen Eindr\u00fccke zu verarbeiten. <\/p>\n\n\n\n<figure class=\"wp-block-image size-large\"><img loading=\"lazy\" decoding=\"async\" width=\"1024\" height=\"703\" src=\"https:\/\/blog-kathrinseverin.ch\/wp-content\/uploads\/2023\/09\/Indien_2000_3402-1024x703.jpg\" alt=\"\" class=\"wp-image-1193\" srcset=\"https:\/\/blog-kathrinseverin.ch\/wp-content\/uploads\/2023\/09\/Indien_2000_3402-1024x703.jpg 1024w, https:\/\/blog-kathrinseverin.ch\/wp-content\/uploads\/2023\/09\/Indien_2000_3402-300x206.jpg 300w, https:\/\/blog-kathrinseverin.ch\/wp-content\/uploads\/2023\/09\/Indien_2000_3402-768x528.jpg 768w, https:\/\/blog-kathrinseverin.ch\/wp-content\/uploads\/2023\/09\/Indien_2000_3402-1536x1055.jpg 1536w, https:\/\/blog-kathrinseverin.ch\/wp-content\/uploads\/2023\/09\/Indien_2000_3402.jpg 2000w\" sizes=\"auto, (max-width: 767px) 89vw, (max-width: 1000px) 54vw, (max-width: 1071px) 543px, 580px\" \/><\/figure>\n\n\n\n<figure class=\"wp-block-image size-large\"><img loading=\"lazy\" decoding=\"async\" width=\"1024\" height=\"560\" src=\"https:\/\/blog-kathrinseverin.ch\/wp-content\/uploads\/2023\/09\/Indien_2000_3400-1024x560.jpg\" alt=\"\" class=\"wp-image-1195\" srcset=\"https:\/\/blog-kathrinseverin.ch\/wp-content\/uploads\/2023\/09\/Indien_2000_3400-1024x560.jpg 1024w, https:\/\/blog-kathrinseverin.ch\/wp-content\/uploads\/2023\/09\/Indien_2000_3400-300x164.jpg 300w, https:\/\/blog-kathrinseverin.ch\/wp-content\/uploads\/2023\/09\/Indien_2000_3400-768x420.jpg 768w, https:\/\/blog-kathrinseverin.ch\/wp-content\/uploads\/2023\/09\/Indien_2000_3400-1536x840.jpg 1536w, https:\/\/blog-kathrinseverin.ch\/wp-content\/uploads\/2023\/09\/Indien_2000_3400.jpg 2000w\" sizes=\"auto, (max-width: 767px) 89vw, (max-width: 1000px) 54vw, (max-width: 1071px) 543px, 580px\" \/><\/figure>\n\n\n\n<figure class=\"wp-block-image size-large\"><img loading=\"lazy\" decoding=\"async\" width=\"1024\" height=\"728\" src=\"https:\/\/blog-kathrinseverin.ch\/wp-content\/uploads\/2023\/09\/Indien_2000_3396-1024x728.jpg\" alt=\"\" class=\"wp-image-1198\" srcset=\"https:\/\/blog-kathrinseverin.ch\/wp-content\/uploads\/2023\/09\/Indien_2000_3396-1024x728.jpg 1024w, https:\/\/blog-kathrinseverin.ch\/wp-content\/uploads\/2023\/09\/Indien_2000_3396-300x213.jpg 300w, https:\/\/blog-kathrinseverin.ch\/wp-content\/uploads\/2023\/09\/Indien_2000_3396-768x546.jpg 768w, https:\/\/blog-kathrinseverin.ch\/wp-content\/uploads\/2023\/09\/Indien_2000_3396-1536x1091.jpg 1536w, https:\/\/blog-kathrinseverin.ch\/wp-content\/uploads\/2023\/09\/Indien_2000_3396.jpg 2000w\" sizes=\"auto, (max-width: 767px) 89vw, (max-width: 1000px) 54vw, (max-width: 1071px) 543px, 580px\" \/><\/figure>\n\n\n\n<figure class=\"wp-block-image size-large\"><img loading=\"lazy\" decoding=\"async\" width=\"1024\" height=\"701\" src=\"https:\/\/blog-kathrinseverin.ch\/wp-content\/uploads\/2023\/09\/Indien_2000_3395-1024x701.jpg\" alt=\"\" class=\"wp-image-1199\" srcset=\"https:\/\/blog-kathrinseverin.ch\/wp-content\/uploads\/2023\/09\/Indien_2000_3395-1024x701.jpg 1024w, https:\/\/blog-kathrinseverin.ch\/wp-content\/uploads\/2023\/09\/Indien_2000_3395-300x205.jpg 300w, https:\/\/blog-kathrinseverin.ch\/wp-content\/uploads\/2023\/09\/Indien_2000_3395-768x526.jpg 768w, https:\/\/blog-kathrinseverin.ch\/wp-content\/uploads\/2023\/09\/Indien_2000_3395-1536x1051.jpg 1536w, https:\/\/blog-kathrinseverin.ch\/wp-content\/uploads\/2023\/09\/Indien_2000_3395.jpg 2000w\" sizes=\"auto, (max-width: 767px) 89vw, (max-width: 1000px) 54vw, (max-width: 1071px) 543px, 580px\" \/><\/figure>\n\n\n\n<figure class=\"wp-block-image size-large\"><img loading=\"lazy\" decoding=\"async\" width=\"1024\" height=\"650\" src=\"https:\/\/blog-kathrinseverin.ch\/wp-content\/uploads\/2023\/09\/Indien_2000_3393-1024x650.jpg\" alt=\"\" class=\"wp-image-1200\" srcset=\"https:\/\/blog-kathrinseverin.ch\/wp-content\/uploads\/2023\/09\/Indien_2000_3393-1024x650.jpg 1024w, https:\/\/blog-kathrinseverin.ch\/wp-content\/uploads\/2023\/09\/Indien_2000_3393-300x190.jpg 300w, https:\/\/blog-kathrinseverin.ch\/wp-content\/uploads\/2023\/09\/Indien_2000_3393-768x487.jpg 768w, https:\/\/blog-kathrinseverin.ch\/wp-content\/uploads\/2023\/09\/Indien_2000_3393-1536x975.jpg 1536w, https:\/\/blog-kathrinseverin.ch\/wp-content\/uploads\/2023\/09\/Indien_2000_3393.jpg 2000w\" sizes=\"auto, (max-width: 767px) 89vw, (max-width: 1000px) 54vw, (max-width: 1071px) 543px, 580px\" \/><\/figure>\n\n\n\n<figure class=\"wp-block-image size-large\"><img loading=\"lazy\" decoding=\"async\" width=\"1024\" height=\"579\" src=\"https:\/\/blog-kathrinseverin.ch\/wp-content\/uploads\/2023\/09\/Indien_2000_3388-1024x579.jpg\" alt=\"\" class=\"wp-image-1202\" srcset=\"https:\/\/blog-kathrinseverin.ch\/wp-content\/uploads\/2023\/09\/Indien_2000_3388-1024x579.jpg 1024w, https:\/\/blog-kathrinseverin.ch\/wp-content\/uploads\/2023\/09\/Indien_2000_3388-300x170.jpg 300w, https:\/\/blog-kathrinseverin.ch\/wp-content\/uploads\/2023\/09\/Indien_2000_3388-768x434.jpg 768w, https:\/\/blog-kathrinseverin.ch\/wp-content\/uploads\/2023\/09\/Indien_2000_3388-1536x869.jpg 1536w, https:\/\/blog-kathrinseverin.ch\/wp-content\/uploads\/2023\/09\/Indien_2000_3388.jpg 2000w\" sizes=\"auto, (max-width: 767px) 89vw, (max-width: 1000px) 54vw, (max-width: 1071px) 543px, 580px\" \/><\/figure>\n\n\n\n<figure class=\"wp-block-image size-large\"><img loading=\"lazy\" decoding=\"async\" width=\"1024\" height=\"701\" src=\"https:\/\/blog-kathrinseverin.ch\/wp-content\/uploads\/2023\/09\/Indien_2000_3386-1024x701.jpg\" alt=\"\" class=\"wp-image-1204\" srcset=\"https:\/\/blog-kathrinseverin.ch\/wp-content\/uploads\/2023\/09\/Indien_2000_3386-1024x701.jpg 1024w, https:\/\/blog-kathrinseverin.ch\/wp-content\/uploads\/2023\/09\/Indien_2000_3386-300x205.jpg 300w, https:\/\/blog-kathrinseverin.ch\/wp-content\/uploads\/2023\/09\/Indien_2000_3386-768x526.jpg 768w, https:\/\/blog-kathrinseverin.ch\/wp-content\/uploads\/2023\/09\/Indien_2000_3386-1536x1051.jpg 1536w, https:\/\/blog-kathrinseverin.ch\/wp-content\/uploads\/2023\/09\/Indien_2000_3386.jpg 2000w\" sizes=\"auto, (max-width: 767px) 89vw, (max-width: 1000px) 54vw, (max-width: 1071px) 543px, 580px\" \/><\/figure>\n\n\n\n<figure class=\"wp-block-image size-large\"><img loading=\"lazy\" decoding=\"async\" width=\"1024\" height=\"693\" src=\"https:\/\/blog-kathrinseverin.ch\/wp-content\/uploads\/2023\/09\/Indien_2000_3385-1024x693.jpg\" alt=\"\" class=\"wp-image-1205\" srcset=\"https:\/\/blog-kathrinseverin.ch\/wp-content\/uploads\/2023\/09\/Indien_2000_3385-1024x693.jpg 1024w, https:\/\/blog-kathrinseverin.ch\/wp-content\/uploads\/2023\/09\/Indien_2000_3385-300x203.jpg 300w, https:\/\/blog-kathrinseverin.ch\/wp-content\/uploads\/2023\/09\/Indien_2000_3385-768x520.jpg 768w, https:\/\/blog-kathrinseverin.ch\/wp-content\/uploads\/2023\/09\/Indien_2000_3385-1536x1040.jpg 1536w, https:\/\/blog-kathrinseverin.ch\/wp-content\/uploads\/2023\/09\/Indien_2000_3385.jpg 2000w\" sizes=\"auto, (max-width: 767px) 89vw, (max-width: 1000px) 54vw, (max-width: 1071px) 543px, 580px\" \/><\/figure>\n\n\n\n<figure class=\"wp-block-image size-large\"><img loading=\"lazy\" decoding=\"async\" width=\"1024\" height=\"239\" src=\"https:\/\/blog-kathrinseverin.ch\/wp-content\/uploads\/2023\/09\/Indien_2000_3403-1024x239.jpg\" alt=\"\" class=\"wp-image-1192\" srcset=\"https:\/\/blog-kathrinseverin.ch\/wp-content\/uploads\/2023\/09\/Indien_2000_3403-1024x239.jpg 1024w, https:\/\/blog-kathrinseverin.ch\/wp-content\/uploads\/2023\/09\/Indien_2000_3403-300x70.jpg 300w, https:\/\/blog-kathrinseverin.ch\/wp-content\/uploads\/2023\/09\/Indien_2000_3403-768x179.jpg 768w, https:\/\/blog-kathrinseverin.ch\/wp-content\/uploads\/2023\/09\/Indien_2000_3403-1536x358.jpg 1536w, https:\/\/blog-kathrinseverin.ch\/wp-content\/uploads\/2023\/09\/Indien_2000_3403.jpg 2000w\" sizes=\"auto, (max-width: 767px) 89vw, (max-width: 1000px) 54vw, (max-width: 1071px) 543px, 580px\" \/><\/figure>\n\n\n\n<p>Was es mit diesen drei Lieblingszeichnungen auf sich hat, erz\u00e4hle ich in der Skizzenausstellung!<\/p>\n\n\n\n<p><strong>Ausstellungen:<\/strong><br><br>Am 9. November ist die Vernissage der Ausstellung &#171;Lichtzauber im Weiertal&#187; .<br>Ende November\/Anfang Dezember zeige ich meine Skizzen in einer Ausstellung in meinem Atelier. Wahrscheinlich wird es ein Rahmenprogramm f\u00fcr &#171;special guests&#187; geben &#8211; ich melde mich, sobald ich Genaueres wei\u00df.&#187;<\/p>\n\n\n\n<p>Ich traue mich fast nicht, es zu schreiben: Morgen fahre ich n\u00e4mlich nach Italien &#8211; Apulien steht auf der Skizzenliste! Ich melde mich noch im Oktober mit neuen Skizzen und genaueren Informationen zu den Ausstellungen.<\/p>\n\n\n\n<p>Herzliche Gr\u00fcsse<br>Kathrin Severin<\/p>\n\n\n\n<p><\/p>\n\n\n\n<p><\/p>\n\n\n\n<p><\/p>\n\n\n\n<p><\/p>\n","protected":false},"excerpt":{"rendered":"<p>Ein seltsames Wort. Es klingt lautmalerisch nach verwickeltem Wullechn\u00e4uel, riecht windig und ist schwer zu fassen. Wie ich darauf komme? Ich frage mich, ob ich am Jufle bin. Bin ich nicht. Manchmal steht die Zeit einfach still. Beim Zeichnen und Malen nat\u00fcrlich, aber auch, wenn die Gedanken fliegen und an irgendeinem nahen oder fernen Erinnerungsgartenhaag &hellip; <\/p>\n<p class=\"link-more\"><a href=\"https:\/\/blog-kathrinseverin.ch\/index.php\/2023\/09\/28\/haesch-gmaeckt-2-3-2-2-2-2-2-2-2-2-2-2-2-2-2-2-2-2-2-2-2-2\/\" class=\"more-link\"><span class=\"screen-reader-text\">&#171;Gjufel?&#187;<\/span> weiterlesen<\/a><\/p>\n","protected":false},"author":1,"featured_media":0,"comment_status":"open","ping_status":"","sticky":false,"template":"","format":"standard","meta":{"footnotes":""},"categories":[1],"tags":[21,2,5,3,17,4],"class_list":["post-1181","post","type-post","status-publish","format-standard","hentry","category-allgemein","tag-atelier","tag-kathrin-severin","tag-kunst","tag-malen","tag-reisen","tag-zeichnen"],"_links":{"self":[{"href":"https:\/\/blog-kathrinseverin.ch\/index.php\/wp-json\/wp\/v2\/posts\/1181","targetHints":{"allow":["GET"]}}],"collection":[{"href":"https:\/\/blog-kathrinseverin.ch\/index.php\/wp-json\/wp\/v2\/posts"}],"about":[{"href":"https:\/\/blog-kathrinseverin.ch\/index.php\/wp-json\/wp\/v2\/types\/post"}],"author":[{"embeddable":true,"href":"https:\/\/blog-kathrinseverin.ch\/index.php\/wp-json\/wp\/v2\/users\/1"}],"replies":[{"embeddable":true,"href":"https:\/\/blog-kathrinseverin.ch\/index.php\/wp-json\/wp\/v2\/comments?post=1181"}],"version-history":[{"count":4,"href":"https:\/\/blog-kathrinseverin.ch\/index.php\/wp-json\/wp\/v2\/posts\/1181\/revisions"}],"predecessor-version":[{"id":1210,"href":"https:\/\/blog-kathrinseverin.ch\/index.php\/wp-json\/wp\/v2\/posts\/1181\/revisions\/1210"}],"wp:attachment":[{"href":"https:\/\/blog-kathrinseverin.ch\/index.php\/wp-json\/wp\/v2\/media?parent=1181"}],"wp:term":[{"taxonomy":"category","embeddable":true,"href":"https:\/\/blog-kathrinseverin.ch\/index.php\/wp-json\/wp\/v2\/categories?post=1181"},{"taxonomy":"post_tag","embeddable":true,"href":"https:\/\/blog-kathrinseverin.ch\/index.php\/wp-json\/wp\/v2\/tags?post=1181"}],"curies":[{"name":"wp","href":"https:\/\/api.w.org\/{rel}","templated":true}]}}