{"id":1212,"date":"2023-10-26T11:29:44","date_gmt":"2023-10-26T09:29:44","guid":{"rendered":"https:\/\/blog-kathrinseverin.ch\/?p=1212"},"modified":"2023-11-09T10:24:16","modified_gmt":"2023-11-09T09:24:16","slug":"haesch-gmaeckt-2-3-2-2-2-2-2-2-2-2-2-2-2-2-2-2-2-2-2-2-2-2-2","status":"publish","type":"post","link":"https:\/\/blog-kathrinseverin.ch\/index.php\/2023\/10\/26\/haesch-gmaeckt-2-3-2-2-2-2-2-2-2-2-2-2-2-2-2-2-2-2-2-2-2-2-2\/","title":{"rendered":"Liecht"},"content":{"rendered":"\n<p><\/p>\n\n\n\n<p>Wie jedes Jahr &#8211; im Oktober ist das Licht besonders warm, weich und ein bisschen melancholisch. Ich freue mich \u00fcber Marroni und warme Pullover, kuschelige Schals und gem\u00fctliche Teestunden in der warmen Wohnung. Im Atelier versuche ich mir gerade einen \u00dcberblick \u00fcber die Zeichnungen dieses Jahres zu verschaffen, so viele Eindr\u00fccke und Erinnerungen haben sich angesammelt. Es wird schwer sein, eine Auswahl zu treffen f\u00fcr die Ausstellung Ende November. <\/p>\n\n\n\n<figure class=\"wp-block-image size-large\"><img loading=\"lazy\" decoding=\"async\" width=\"1024\" height=\"241\" src=\"https:\/\/blog-kathrinseverin.ch\/wp-content\/uploads\/2023\/10\/2023_Trieste_braun_2000_9282-Kopie-1024x241.jpg\" alt=\"\" class=\"wp-image-1217\" srcset=\"https:\/\/blog-kathrinseverin.ch\/wp-content\/uploads\/2023\/10\/2023_Trieste_braun_2000_9282-Kopie-1024x241.jpg 1024w, https:\/\/blog-kathrinseverin.ch\/wp-content\/uploads\/2023\/10\/2023_Trieste_braun_2000_9282-Kopie-300x71.jpg 300w, https:\/\/blog-kathrinseverin.ch\/wp-content\/uploads\/2023\/10\/2023_Trieste_braun_2000_9282-Kopie-768x180.jpg 768w, https:\/\/blog-kathrinseverin.ch\/wp-content\/uploads\/2023\/10\/2023_Trieste_braun_2000_9282-Kopie-1536x361.jpg 1536w, https:\/\/blog-kathrinseverin.ch\/wp-content\/uploads\/2023\/10\/2023_Trieste_braun_2000_9282-Kopie.jpg 2000w\" sizes=\"auto, (max-width: 767px) 89vw, (max-width: 1000px) 54vw, (max-width: 1071px) 543px, 580px\" \/><\/figure>\n\n\n\n<p>Bereits bei der Italienreise letzten Fr\u00fchling war ich fasziniert von Licht und Schatten &#8211; hier eine Skizze aus Triest. Auch Anfang Oktober hat die Herbstsonne in Italien zauberhafte Stimmungen gemalt. So romantisch, dass ich sie nur fotografisch  einfangen wollte.  <\/p>\n\n\n\n<figure class=\"wp-block-image size-large\"><img loading=\"lazy\" decoding=\"async\" width=\"1024\" height=\"768\" src=\"https:\/\/blog-kathrinseverin.ch\/wp-content\/uploads\/2023\/10\/2023_Apulien_Peschici_2000_3801-1024x768.jpg\" alt=\"\" class=\"wp-image-1218\" srcset=\"https:\/\/blog-kathrinseverin.ch\/wp-content\/uploads\/2023\/10\/2023_Apulien_Peschici_2000_3801-1024x768.jpg 1024w, https:\/\/blog-kathrinseverin.ch\/wp-content\/uploads\/2023\/10\/2023_Apulien_Peschici_2000_3801-300x225.jpg 300w, https:\/\/blog-kathrinseverin.ch\/wp-content\/uploads\/2023\/10\/2023_Apulien_Peschici_2000_3801-768x576.jpg 768w, https:\/\/blog-kathrinseverin.ch\/wp-content\/uploads\/2023\/10\/2023_Apulien_Peschici_2000_3801-1536x1152.jpg 1536w, https:\/\/blog-kathrinseverin.ch\/wp-content\/uploads\/2023\/10\/2023_Apulien_Peschici_2000_3801.jpg 2000w\" sizes=\"auto, (max-width: 767px) 89vw, (max-width: 1000px) 54vw, (max-width: 1071px) 543px, 580px\" \/><\/figure>\n\n\n\n<p><strong>Ausstellung Lichtzauber, comme avant<\/strong><br>Herzlich willkommen zur Ausstellung Lichtzauber im Kulturort Weiertal. Meine Lichtskulptur &#171;comme avant&#187; ist wundersch\u00f6n, ich bin ganz gl\u00fccklich dar\u00fcber. Das Werk ist extra f\u00fcr diese Ausstellung entstanden und eignet sich deshalb gut f\u00fcr die Positionierung im Park. (Die Aufnahme ist von Maja von Meiss.)<\/p>\n\n\n\n<p>Die Ausstellung im Park des Kulturort Weiertal in Winterthur ist ab 9. November bis am 9. Dezember von Donnerstag bis Samstag jeweils von 17 bis 21 Uhr ge\u00f6ffnet. Weitere Infos  gibt es <a href=\"http:\/\/www.galerieweiertal.ch\" data-type=\"link\" data-id=\"www.galerieweiertal.ch\">hier. <\/a><\/p>\n\n\n\n<figure class=\"wp-block-image size-large\"><img loading=\"lazy\" decoding=\"async\" width=\"1024\" height=\"576\" src=\"https:\/\/blog-kathrinseverin.ch\/wp-content\/uploads\/2023\/10\/2023_commeavant_maja_9043-1024x576.jpg\" alt=\"\" class=\"wp-image-1221\" srcset=\"https:\/\/blog-kathrinseverin.ch\/wp-content\/uploads\/2023\/10\/2023_commeavant_maja_9043-1024x576.jpg 1024w, https:\/\/blog-kathrinseverin.ch\/wp-content\/uploads\/2023\/10\/2023_commeavant_maja_9043-300x169.jpg 300w, https:\/\/blog-kathrinseverin.ch\/wp-content\/uploads\/2023\/10\/2023_commeavant_maja_9043-768x432.jpg 768w, https:\/\/blog-kathrinseverin.ch\/wp-content\/uploads\/2023\/10\/2023_commeavant_maja_9043.jpg 1195w\" sizes=\"auto, (max-width: 767px) 89vw, (max-width: 1000px) 54vw, (max-width: 1071px) 543px, 580px\" \/><\/figure>\n\n\n\n<p><strong>Herzlich Willkommen zur Ausstellung im Atelier<\/strong><br>vom 23. bis 26. November zeige ich ausgew\u00e4hlte Skizzen in meinem Atelier. Es sind gezeichnete Erinnerungen von den Malreisen in Paris, im Val Roseg und in Uz\u00e8s. Und nat\u00fcrlich Zeichnungen von meinen Reisen durch Frankreich, Italien, Indien, Laos und Kambodja. Ausserdem gibt es dieses Jahr eine Wand mit ganz verschiedenen, kleinen Werkserien, die auch k\u00e4uflich zu erwerben sind.<\/p>\n\n\n\n<p>Die Ausstellung ist w\u00e4hrend vier Tagen, vom 23. November bis am 26. November von 14 bis 19 Uhr oder nach Vereinbarung ge\u00f6ffnet. Mein Atelier befindet sich an der Oberm\u00fchlestrasse 2 in Winterthur &#8211; zu Fuss 10 Minuten von Bahnhof, Bus Nr. 4 bis Gewerbeschule oder Parkhaus Teuchelweiher.<\/p>\n\n\n\n<p><strong>Marronisuppe, wie fr\u00fcener<\/strong><br>Zum Abschluss der Ausstellung gibts am 26. November Marronisuppe! Alle sind ab 17 Uhr herzlich eingeladen zu diesem gem\u00fctlichen November-Abschluss-Ap\u00e9ro. Ganz besonders freue ich mich nat\u00fcrlich darauf, die Teilnehmer der Malreisen 2023 oder 2022 wieder zu sehen. Bitte kurz anmelden auf ks@kathrinseverin.ch, damit  gen\u00fcgend Suppe f\u00fcr alle da ist. <\/p>\n\n\n\n<p><strong>Neugierig auf 2024?<\/strong><br>Ich werde im Novemberblog von meinen Pl\u00e4nen f\u00fcrs 2024 berichten&#8230;<\/p>\n\n\n\n<p>Herzliche Gr\u00fcsse<br>Kathrin Severin<\/p>\n\n\n\n<p><\/p>\n\n\n\n<p><\/p>\n\n\n\n<p><\/p>\n\n\n\n<p><\/p>\n","protected":false},"excerpt":{"rendered":"<p>Wie jedes Jahr &#8211; im Oktober ist das Licht besonders warm, weich und ein bisschen melancholisch. Ich freue mich \u00fcber Marroni und warme Pullover, kuschelige Schals und gem\u00fctliche Teestunden in der warmen Wohnung. Im Atelier versuche ich mir gerade einen \u00dcberblick \u00fcber die Zeichnungen dieses Jahres zu verschaffen, so viele Eindr\u00fccke und Erinnerungen haben sich &hellip; <\/p>\n<p class=\"link-more\"><a href=\"https:\/\/blog-kathrinseverin.ch\/index.php\/2023\/10\/26\/haesch-gmaeckt-2-3-2-2-2-2-2-2-2-2-2-2-2-2-2-2-2-2-2-2-2-2-2\/\" class=\"more-link\"><span class=\"screen-reader-text\">&#171;Liecht&#187;<\/span> weiterlesen<\/a><\/p>\n","protected":false},"author":1,"featured_media":0,"comment_status":"open","ping_status":"","sticky":false,"template":"","format":"standard","meta":{"footnotes":""},"categories":[1],"tags":[21,2,5,3,17,4],"class_list":["post-1212","post","type-post","status-publish","format-standard","hentry","category-allgemein","tag-atelier","tag-kathrin-severin","tag-kunst","tag-malen","tag-reisen","tag-zeichnen"],"_links":{"self":[{"href":"https:\/\/blog-kathrinseverin.ch\/index.php\/wp-json\/wp\/v2\/posts\/1212","targetHints":{"allow":["GET"]}}],"collection":[{"href":"https:\/\/blog-kathrinseverin.ch\/index.php\/wp-json\/wp\/v2\/posts"}],"about":[{"href":"https:\/\/blog-kathrinseverin.ch\/index.php\/wp-json\/wp\/v2\/types\/post"}],"author":[{"embeddable":true,"href":"https:\/\/blog-kathrinseverin.ch\/index.php\/wp-json\/wp\/v2\/users\/1"}],"replies":[{"embeddable":true,"href":"https:\/\/blog-kathrinseverin.ch\/index.php\/wp-json\/wp\/v2\/comments?post=1212"}],"version-history":[{"count":10,"href":"https:\/\/blog-kathrinseverin.ch\/index.php\/wp-json\/wp\/v2\/posts\/1212\/revisions"}],"predecessor-version":[{"id":1240,"href":"https:\/\/blog-kathrinseverin.ch\/index.php\/wp-json\/wp\/v2\/posts\/1212\/revisions\/1240"}],"wp:attachment":[{"href":"https:\/\/blog-kathrinseverin.ch\/index.php\/wp-json\/wp\/v2\/media?parent=1212"}],"wp:term":[{"taxonomy":"category","embeddable":true,"href":"https:\/\/blog-kathrinseverin.ch\/index.php\/wp-json\/wp\/v2\/categories?post=1212"},{"taxonomy":"post_tag","embeddable":true,"href":"https:\/\/blog-kathrinseverin.ch\/index.php\/wp-json\/wp\/v2\/tags?post=1212"}],"curies":[{"name":"wp","href":"https:\/\/api.w.org\/{rel}","templated":true}]}}