{"id":1325,"date":"2024-05-30T20:46:19","date_gmt":"2024-05-30T18:46:19","guid":{"rendered":"https:\/\/blog-kathrinseverin.ch\/?p=1325"},"modified":"2024-05-30T20:46:19","modified_gmt":"2024-05-30T18:46:19","slug":"haesch-gmaeckt-2-3-2-2-2-2-2-2-2-2-2-2-2-2-2-2-2-2-2-2-2-2-2-2-2-2-2-2-2","status":"publish","type":"post","link":"https:\/\/blog-kathrinseverin.ch\/index.php\/2024\/05\/30\/haesch-gmaeckt-2-3-2-2-2-2-2-2-2-2-2-2-2-2-2-2-2-2-2-2-2-2-2-2-2-2-2-2-2\/","title":{"rendered":"ganz vill Kunscht"},"content":{"rendered":"\n<p>Liebe Kunstfreundinnen und Kunstfreunde,<br>es freut mich, Sie zu drei Ausstellungen einladen zu d\u00fcrfen:<br><br><strong>Requiem<\/strong> <strong>bei KunstWaldKunst&nbsp;<\/strong><br><br>Am Sonntag, 2. Juni um 13.30 Uhr ist Vernissage im Bonstetter Wald.&nbsp;Ich zeige&nbsp;meine bewegte Installation \u201eRequiem\u201c und freue mich auf interessante Gespr\u00e4che an der Vernissage.<br>Bis zum 2. Oktober k\u00f6nnen Sie die Werke von 13 Kunstschaffenden&nbsp;im Wald&nbsp;&nbsp;bewundern.&nbsp;<br>&nbsp;Am 23. Juni findet ein K\u00fcnstlergespr\u00e4ch statt, an dem ich teilnehmen werde.<br><a href=\"http:\/\/www.kunstWaldkunst.ch\">www.kunstWaldkunst.ch<\/a><\/p>\n\n\n\n<figure class=\"wp-block-image size-large\"><img loading=\"lazy\" decoding=\"async\" width=\"1024\" height=\"768\" src=\"https:\/\/blog-kathrinseverin.ch\/wp-content\/uploads\/2024\/05\/2024_Requiem_2000_7508-1024x768.jpg\" alt=\"\" class=\"wp-image-1329\" srcset=\"https:\/\/blog-kathrinseverin.ch\/wp-content\/uploads\/2024\/05\/2024_Requiem_2000_7508-1024x768.jpg 1024w, https:\/\/blog-kathrinseverin.ch\/wp-content\/uploads\/2024\/05\/2024_Requiem_2000_7508-300x225.jpg 300w, https:\/\/blog-kathrinseverin.ch\/wp-content\/uploads\/2024\/05\/2024_Requiem_2000_7508-768x576.jpg 768w, https:\/\/blog-kathrinseverin.ch\/wp-content\/uploads\/2024\/05\/2024_Requiem_2000_7508-1536x1152.jpg 1536w, https:\/\/blog-kathrinseverin.ch\/wp-content\/uploads\/2024\/05\/2024_Requiem_2000_7508.jpg 2000w\" sizes=\"auto, (max-width: 767px) 89vw, (max-width: 1000px) 54vw, (max-width: 1071px) 543px, 580px\" \/><\/figure>\n\n\n\n<p><strong>Comme avant<\/strong> <strong>im  Skulpturengarten<\/strong> <br><br>Mitten in Z\u00fcrich, im Skulpturengarten der <strong>Jedlitschka<\/strong>\u00a0Gallery, ist meine Arbeit \u201ecomme avant\u201c zu entdecken. \u00a0Der Spiegelring reflektiert tags\u00fcber die Umgebung und zeigt am Abend alles in einem neuem Licht.\u00a0Die Werke von 21 K\u00fcnstlern sind bis am 31. Oktober zu sehen. Ich werde am 28. Juni gegen Abend im Skulpturengarten an der Seefeldstrasse anwesend sein.<br><a href=\"http:\/\/www.jedlitschka-gallery.ch\">www.jedlitschka-gallery.ch<\/a><\/p>\n\n\n\n<figure class=\"wp-block-image size-full\"><img loading=\"lazy\" decoding=\"async\" width=\"640\" height=\"303\" src=\"https:\/\/blog-kathrinseverin.ch\/wp-content\/uploads\/2024\/05\/Kathrin_Severin_comme_avant_korr_4.jpeg\" alt=\"\" class=\"wp-image-1330\" srcset=\"https:\/\/blog-kathrinseverin.ch\/wp-content\/uploads\/2024\/05\/Kathrin_Severin_comme_avant_korr_4.jpeg 640w, https:\/\/blog-kathrinseverin.ch\/wp-content\/uploads\/2024\/05\/Kathrin_Severin_comme_avant_korr_4-300x142.jpeg 300w\" sizes=\"auto, (max-width: 640px) 100vw, 640px\" \/><\/figure>\n\n\n\n<figure class=\"wp-block-image size-full\"><img loading=\"lazy\" decoding=\"async\" width=\"640\" height=\"296\" src=\"https:\/\/blog-kathrinseverin.ch\/wp-content\/uploads\/2024\/05\/Kathrin_Severin_comme_avant_3_939-1.jpeg\" alt=\"\" class=\"wp-image-1332\" srcset=\"https:\/\/blog-kathrinseverin.ch\/wp-content\/uploads\/2024\/05\/Kathrin_Severin_comme_avant_3_939-1.jpeg 640w, https:\/\/blog-kathrinseverin.ch\/wp-content\/uploads\/2024\/05\/Kathrin_Severin_comme_avant_3_939-1-300x139.jpeg 300w\" sizes=\"auto, (max-width: 640px) 100vw, 640px\" \/><\/figure>\n\n\n\n<p><strong>Shells und Tricolore in Klosters<\/strong><br><br>Wer f\u00e4hrt im Sommer in die Berge? In der&nbsp;<strong>Kulturbox Klosters<\/strong>, direkt beim Bahnhof Klosters Platz, zeige&nbsp;ich meine Seilobjekte \u201e<strong>Shells<\/strong>\u201cund zus\u00e4tzlich Glasobjekte aus der Serie <strong>Tri Colore<\/strong>. Dank dem&nbsp;Engagement&nbsp;der Kulturallianz&nbsp;strahlt die Kulturbox auch abends.&nbsp;Die Ausstellung wird bis im Herbst zu sehen sein.&nbsp;Gh\u00f6nd go luaga!&nbsp;<br><a href=\"\/www.kulturallianz.ch\/\" data-type=\"link\" data-id=\"\/www.kulturallianz.ch\/\">www.kulturallianz.ch<\/a><\/p>\n\n\n\n<figure class=\"wp-block-image size-full\"><img loading=\"lazy\" decoding=\"async\" width=\"640\" height=\"456\" src=\"https:\/\/blog-kathrinseverin.ch\/wp-content\/uploads\/2024\/05\/KLosters_objekt_Glas_magenta_16x16_variabel_1-Kopie.jpeg\" alt=\"\" class=\"wp-image-1333\" srcset=\"https:\/\/blog-kathrinseverin.ch\/wp-content\/uploads\/2024\/05\/KLosters_objekt_Glas_magenta_16x16_variabel_1-Kopie.jpeg 640w, https:\/\/blog-kathrinseverin.ch\/wp-content\/uploads\/2024\/05\/KLosters_objekt_Glas_magenta_16x16_variabel_1-Kopie-300x214.jpeg 300w\" sizes=\"auto, (max-width: 640px) 100vw, 640px\" \/><\/figure>\n\n\n\n<p><\/p>\n\n\n\n<p><strong>Kunstluft schnuppern im Atelier<\/strong><br><br>Ich freue mich auf neugierige Besucher, die gerne Kaffe oder Prosecco trinken, meine Kunstsch\u00e4tze beschnuppern und vielleicht einen echten Severin erwerben m\u00f6chten. Bitte vereinbaren Sie einen Termin per mail: ks@kathrinseverin.ch<\/p>\n\n\n\n<p><strong>Superspontan ist immer gut<\/strong>!<\/p>\n\n\n\n<p>Vom 8. bis 14. und vom 16. bis 22. Juni malen wir im <strong>Val Roseg<\/strong>. Falls  jemand ganz spontan grosse Lust versp\u00fcrt mit dabei zu sein: Ich k\u00f6nnte anfragen, ob im Hotel noch ein Zimmer frei w\u00e4re. Anfragen \u00fcber ks@kathrinseverin.ch<\/p>\n\n\n\n<p><a href=\"http:\/\/www.roseg-gletscher.ch\" data-type=\"link\" data-id=\"www.roseg-gletscher.ch\">www.roseg-gletscher.ch<\/a><\/p>\n\n\n\n<figure class=\"wp-block-image size-large\"><img loading=\"lazy\" decoding=\"async\" width=\"1024\" height=\"798\" src=\"https:\/\/blog-kathrinseverin.ch\/wp-content\/uploads\/2024\/05\/Valroseg_10_2000_7566-1024x798.jpg\" alt=\"\" class=\"wp-image-1328\" srcset=\"https:\/\/blog-kathrinseverin.ch\/wp-content\/uploads\/2024\/05\/Valroseg_10_2000_7566-1024x798.jpg 1024w, https:\/\/blog-kathrinseverin.ch\/wp-content\/uploads\/2024\/05\/Valroseg_10_2000_7566-300x234.jpg 300w, https:\/\/blog-kathrinseverin.ch\/wp-content\/uploads\/2024\/05\/Valroseg_10_2000_7566-768x599.jpg 768w, https:\/\/blog-kathrinseverin.ch\/wp-content\/uploads\/2024\/05\/Valroseg_10_2000_7566-1536x1197.jpg 1536w, https:\/\/blog-kathrinseverin.ch\/wp-content\/uploads\/2024\/05\/Valroseg_10_2000_7566.jpg 2000w\" sizes=\"auto, (max-width: 767px) 89vw, (max-width: 1000px) 54vw, (max-width: 1071px) 543px, 580px\" \/><\/figure>\n\n\n\n<p>Herzliche Gr\u00fcsse<br>Kathrin Severin<\/p>\n\n\n\n<p><\/p>\n\n\n\n<p><\/p>\n\n\n\n<p><\/p>\n\n\n\n<p><\/p>\n\n\n\n<figure class=\"wp-block-gallery has-nested-images columns-default is-cropped wp-block-gallery-1 is-layout-flex wp-block-gallery-is-layout-flex\"><\/figure>\n\n\n\n<p><\/p>\n\n\n\n<p><\/p>\n\n\n\n<p><br><\/p>\n\n\n\n<p><\/p>\n\n\n\n<p><\/p>\n\n\n\n<p><\/p>\n\n\n\n<p><\/p>\n","protected":false},"excerpt":{"rendered":"<p>Liebe Kunstfreundinnen und Kunstfreunde,es freut mich, Sie zu drei Ausstellungen einladen zu d\u00fcrfen: Requiem bei KunstWaldKunst&nbsp; Am Sonntag, 2. Juni um 13.30 Uhr ist Vernissage im Bonstetter Wald.&nbsp;Ich zeige&nbsp;meine bewegte Installation \u201eRequiem\u201c und freue mich auf interessante Gespr\u00e4che an der Vernissage.Bis zum 2. Oktober k\u00f6nnen Sie die Werke von 13 Kunstschaffenden&nbsp;im Wald&nbsp;&nbsp;bewundern.&nbsp;&nbsp;Am 23. Juni findet &hellip; <\/p>\n<p class=\"link-more\"><a href=\"https:\/\/blog-kathrinseverin.ch\/index.php\/2024\/05\/30\/haesch-gmaeckt-2-3-2-2-2-2-2-2-2-2-2-2-2-2-2-2-2-2-2-2-2-2-2-2-2-2-2-2-2\/\" class=\"more-link\"><span class=\"screen-reader-text\">&#171;ganz vill Kunscht&#187;<\/span> weiterlesen<\/a><\/p>\n","protected":false},"author":1,"featured_media":0,"comment_status":"open","ping_status":"","sticky":false,"template":"","format":"standard","meta":{"footnotes":""},"categories":[1],"tags":[21,2,5,3,17,4],"class_list":["post-1325","post","type-post","status-publish","format-standard","hentry","category-allgemein","tag-atelier","tag-kathrin-severin","tag-kunst","tag-malen","tag-reisen","tag-zeichnen"],"_links":{"self":[{"href":"https:\/\/blog-kathrinseverin.ch\/index.php\/wp-json\/wp\/v2\/posts\/1325","targetHints":{"allow":["GET"]}}],"collection":[{"href":"https:\/\/blog-kathrinseverin.ch\/index.php\/wp-json\/wp\/v2\/posts"}],"about":[{"href":"https:\/\/blog-kathrinseverin.ch\/index.php\/wp-json\/wp\/v2\/types\/post"}],"author":[{"embeddable":true,"href":"https:\/\/blog-kathrinseverin.ch\/index.php\/wp-json\/wp\/v2\/users\/1"}],"replies":[{"embeddable":true,"href":"https:\/\/blog-kathrinseverin.ch\/index.php\/wp-json\/wp\/v2\/comments?post=1325"}],"version-history":[{"count":5,"href":"https:\/\/blog-kathrinseverin.ch\/index.php\/wp-json\/wp\/v2\/posts\/1325\/revisions"}],"predecessor-version":[{"id":1336,"href":"https:\/\/blog-kathrinseverin.ch\/index.php\/wp-json\/wp\/v2\/posts\/1325\/revisions\/1336"}],"wp:attachment":[{"href":"https:\/\/blog-kathrinseverin.ch\/index.php\/wp-json\/wp\/v2\/media?parent=1325"}],"wp:term":[{"taxonomy":"category","embeddable":true,"href":"https:\/\/blog-kathrinseverin.ch\/index.php\/wp-json\/wp\/v2\/categories?post=1325"},{"taxonomy":"post_tag","embeddable":true,"href":"https:\/\/blog-kathrinseverin.ch\/index.php\/wp-json\/wp\/v2\/tags?post=1325"}],"curies":[{"name":"wp","href":"https:\/\/api.w.org\/{rel}","templated":true}]}}