{"id":1372,"date":"2024-11-19T14:49:55","date_gmt":"2024-11-19T13:49:55","guid":{"rendered":"https:\/\/blog-kathrinseverin.ch\/?p=1372"},"modified":"2024-11-19T14:49:55","modified_gmt":"2024-11-19T13:49:55","slug":"haesch-gmaeckt-2-3-2-2-2-2-2-2-2-2-2-2-2-2-2-2-2-2-2-2-2-2-2-2-2-2-2-2-2-2-2-2","status":"publish","type":"post","link":"https:\/\/blog-kathrinseverin.ch\/index.php\/2024\/11\/19\/haesch-gmaeckt-2-3-2-2-2-2-2-2-2-2-2-2-2-2-2-2-2-2-2-2-2-2-2-2-2-2-2-2-2-2-2-2\/","title":{"rendered":"Benvenuti!"},"content":{"rendered":"\n<p>Herzlich willkommen am Dienstag, 26. November in meinem Atelier an der Oberm\u00fchlestrasse 2 in Winterthur. <br>F\u00fcr den kommenden Dienstag habe ich in meinem Atelier eine kleine Ausstellung mit neueren und selten gezeigten Arbeiten vorbereitet. Von 10 bis um 17 Uhr \u00f6ffne ich die T\u00fcren um mit lieben Bekannten und Freunden auf die gem\u00fctlichen, dunkleren Tage und den nahenden Winter anzustossen &#8211; und auf das Teilen meines grossen Ateliers. Das hat sich gelohnt &#8211; meine Ateliernachbarin Natalie ist Kost\u00fcmbildnerin, sie spr\u00fcht vor Kreativit\u00e4t und Energie &#8211; das ist eine grosse Bereicherung.<\/p>\n\n\n\n<figure class=\"wp-block-image size-large\"><img loading=\"lazy\" decoding=\"async\" width=\"1024\" height=\"323\" src=\"https:\/\/blog-kathrinseverin.ch\/wp-content\/uploads\/2024\/11\/2.11.24_2000_PalermoNapoli_2230-1024x323.jpg\" alt=\"\" class=\"wp-image-1374\" srcset=\"https:\/\/blog-kathrinseverin.ch\/wp-content\/uploads\/2024\/11\/2.11.24_2000_PalermoNapoli_2230-1024x323.jpg 1024w, https:\/\/blog-kathrinseverin.ch\/wp-content\/uploads\/2024\/11\/2.11.24_2000_PalermoNapoli_2230-300x95.jpg 300w, https:\/\/blog-kathrinseverin.ch\/wp-content\/uploads\/2024\/11\/2.11.24_2000_PalermoNapoli_2230-768x242.jpg 768w, https:\/\/blog-kathrinseverin.ch\/wp-content\/uploads\/2024\/11\/2.11.24_2000_PalermoNapoli_2230-1536x484.jpg 1536w, https:\/\/blog-kathrinseverin.ch\/wp-content\/uploads\/2024\/11\/2.11.24_2000_PalermoNapoli_2230.jpg 2000w\" sizes=\"auto, (max-width: 767px) 89vw, (max-width: 1000px) 54vw, (max-width: 1071px) 543px, 580px\" \/><\/figure>\n\n\n\n<p>Ich war ein paar Wochen in Italien unterwegs. Zuerst kurz in Rom, dann auf den Liparischen Inseln und in Sizilien. Nat\u00fcrlich habe ich skizziert, vor allem in Tagebuchform. Mein Skizzentagebuch kann man am 26. 11. durchbl\u00e4ttern. Auch viele Fotos sind entstanden, vor allem die wundersch\u00f6nen Mosaike haben es mir angetan. Dazu habe ich ein kleines Buch gestaltet, das man am n\u00e4chsten Dienstag kaufen kann. <\/p>\n\n\n\n<figure class=\"wp-block-image size-large\"><img loading=\"lazy\" decoding=\"async\" width=\"1024\" height=\"215\" src=\"https:\/\/blog-kathrinseverin.ch\/wp-content\/uploads\/2024\/11\/23.10.24_2000_Sciacca_2244-1024x215.jpg\" alt=\"\" class=\"wp-image-1375\" srcset=\"https:\/\/blog-kathrinseverin.ch\/wp-content\/uploads\/2024\/11\/23.10.24_2000_Sciacca_2244-1024x215.jpg 1024w, https:\/\/blog-kathrinseverin.ch\/wp-content\/uploads\/2024\/11\/23.10.24_2000_Sciacca_2244-300x63.jpg 300w, https:\/\/blog-kathrinseverin.ch\/wp-content\/uploads\/2024\/11\/23.10.24_2000_Sciacca_2244-768x161.jpg 768w, https:\/\/blog-kathrinseverin.ch\/wp-content\/uploads\/2024\/11\/23.10.24_2000_Sciacca_2244-1536x323.jpg 1536w, https:\/\/blog-kathrinseverin.ch\/wp-content\/uploads\/2024\/11\/23.10.24_2000_Sciacca_2244.jpg 2000w\" sizes=\"auto, (max-width: 767px) 89vw, (max-width: 1000px) 54vw, (max-width: 1071px) 543px, 580px\" \/><\/figure>\n\n\n\n<p>Ich habe oft am Meer gezeichnet&#8230;<\/p>\n\n\n\n<figure class=\"wp-block-image size-large\"><img loading=\"lazy\" decoding=\"async\" width=\"1024\" height=\"526\" src=\"https:\/\/blog-kathrinseverin.ch\/wp-content\/uploads\/2024\/11\/10.10.24_2000_Lipari_2165-1-1024x526.jpg\" alt=\"\" class=\"wp-image-1379\" srcset=\"https:\/\/blog-kathrinseverin.ch\/wp-content\/uploads\/2024\/11\/10.10.24_2000_Lipari_2165-1-1024x526.jpg 1024w, https:\/\/blog-kathrinseverin.ch\/wp-content\/uploads\/2024\/11\/10.10.24_2000_Lipari_2165-1-300x154.jpg 300w, https:\/\/blog-kathrinseverin.ch\/wp-content\/uploads\/2024\/11\/10.10.24_2000_Lipari_2165-1-768x394.jpg 768w, https:\/\/blog-kathrinseverin.ch\/wp-content\/uploads\/2024\/11\/10.10.24_2000_Lipari_2165-1-1536x789.jpg 1536w, https:\/\/blog-kathrinseverin.ch\/wp-content\/uploads\/2024\/11\/10.10.24_2000_Lipari_2165-1.jpg 2000w\" sizes=\"auto, (max-width: 767px) 89vw, (max-width: 1000px) 54vw, (max-width: 1071px) 543px, 580px\" \/><\/figure>\n\n\n\n<figure class=\"wp-block-image size-large\"><img loading=\"lazy\" decoding=\"async\" width=\"1024\" height=\"390\" src=\"https:\/\/blog-kathrinseverin.ch\/wp-content\/uploads\/2024\/11\/25.10.24_Selinunt_2000_2204-1024x390.jpg\" alt=\"\" class=\"wp-image-1376\" srcset=\"https:\/\/blog-kathrinseverin.ch\/wp-content\/uploads\/2024\/11\/25.10.24_Selinunt_2000_2204-1024x390.jpg 1024w, https:\/\/blog-kathrinseverin.ch\/wp-content\/uploads\/2024\/11\/25.10.24_Selinunt_2000_2204-300x114.jpg 300w, https:\/\/blog-kathrinseverin.ch\/wp-content\/uploads\/2024\/11\/25.10.24_Selinunt_2000_2204-768x293.jpg 768w, https:\/\/blog-kathrinseverin.ch\/wp-content\/uploads\/2024\/11\/25.10.24_Selinunt_2000_2204-1536x585.jpg 1536w, https:\/\/blog-kathrinseverin.ch\/wp-content\/uploads\/2024\/11\/25.10.24_Selinunt_2000_2204.jpg 2000w\" sizes=\"auto, (max-width: 767px) 89vw, (max-width: 1000px) 54vw, (max-width: 1071px) 543px, 580px\" \/><\/figure>\n\n\n\n<p>und immer wieder versucht, die Geschichte Siziliens zu begreifen. <\/p>\n\n\n\n<figure class=\"wp-block-image size-large\"><img loading=\"lazy\" decoding=\"async\" width=\"1024\" height=\"420\" src=\"https:\/\/blog-kathrinseverin.ch\/wp-content\/uploads\/2024\/11\/21.10.24_2000_Noto_2189-1024x420.jpg\" alt=\"\" class=\"wp-image-1377\" srcset=\"https:\/\/blog-kathrinseverin.ch\/wp-content\/uploads\/2024\/11\/21.10.24_2000_Noto_2189-1024x420.jpg 1024w, https:\/\/blog-kathrinseverin.ch\/wp-content\/uploads\/2024\/11\/21.10.24_2000_Noto_2189-300x123.jpg 300w, https:\/\/blog-kathrinseverin.ch\/wp-content\/uploads\/2024\/11\/21.10.24_2000_Noto_2189-768x315.jpg 768w, https:\/\/blog-kathrinseverin.ch\/wp-content\/uploads\/2024\/11\/21.10.24_2000_Noto_2189-1536x631.jpg 1536w, https:\/\/blog-kathrinseverin.ch\/wp-content\/uploads\/2024\/11\/21.10.24_2000_Noto_2189.jpg 2000w\" sizes=\"auto, (max-width: 767px) 89vw, (max-width: 1000px) 54vw, (max-width: 1071px) 543px, 580px\" \/><\/figure>\n\n\n\n<p>Nat\u00fcrlich habe ich zeichnerisch im Barock geschwelgt.<br><\/p>\n\n\n\n<p>Ich freue mich auf den n\u00e4chsten Dienstag!<br>Bis bald, liebe Gr\u00fcsse<br>Kathrin Severin<br><\/p>\n\n\n\n<p><\/p>\n\n\n\n<p><\/p>\n\n\n\n<p><\/p>\n\n\n\n<p><\/p>\n","protected":false},"excerpt":{"rendered":"<p>Herzlich willkommen am Dienstag, 26. November in meinem Atelier an der Oberm\u00fchlestrasse 2 in Winterthur. F\u00fcr den kommenden Dienstag habe ich in meinem Atelier eine kleine Ausstellung mit neueren und selten gezeigten Arbeiten vorbereitet. Von 10 bis um 17 Uhr \u00f6ffne ich die T\u00fcren um mit lieben Bekannten und Freunden auf die gem\u00fctlichen, dunkleren Tage &hellip; <\/p>\n<p class=\"link-more\"><a href=\"https:\/\/blog-kathrinseverin.ch\/index.php\/2024\/11\/19\/haesch-gmaeckt-2-3-2-2-2-2-2-2-2-2-2-2-2-2-2-2-2-2-2-2-2-2-2-2-2-2-2-2-2-2-2-2\/\" class=\"more-link\"><span class=\"screen-reader-text\">&#171;Benvenuti!&#187;<\/span> weiterlesen<\/a><\/p>\n","protected":false},"author":1,"featured_media":0,"comment_status":"open","ping_status":"","sticky":false,"template":"","format":"standard","meta":{"footnotes":""},"categories":[1],"tags":[21,2,5,3,17,4],"class_list":["post-1372","post","type-post","status-publish","format-standard","hentry","category-allgemein","tag-atelier","tag-kathrin-severin","tag-kunst","tag-malen","tag-reisen","tag-zeichnen"],"_links":{"self":[{"href":"https:\/\/blog-kathrinseverin.ch\/index.php\/wp-json\/wp\/v2\/posts\/1372","targetHints":{"allow":["GET"]}}],"collection":[{"href":"https:\/\/blog-kathrinseverin.ch\/index.php\/wp-json\/wp\/v2\/posts"}],"about":[{"href":"https:\/\/blog-kathrinseverin.ch\/index.php\/wp-json\/wp\/v2\/types\/post"}],"author":[{"embeddable":true,"href":"https:\/\/blog-kathrinseverin.ch\/index.php\/wp-json\/wp\/v2\/users\/1"}],"replies":[{"embeddable":true,"href":"https:\/\/blog-kathrinseverin.ch\/index.php\/wp-json\/wp\/v2\/comments?post=1372"}],"version-history":[{"count":3,"href":"https:\/\/blog-kathrinseverin.ch\/index.php\/wp-json\/wp\/v2\/posts\/1372\/revisions"}],"predecessor-version":[{"id":1382,"href":"https:\/\/blog-kathrinseverin.ch\/index.php\/wp-json\/wp\/v2\/posts\/1372\/revisions\/1382"}],"wp:attachment":[{"href":"https:\/\/blog-kathrinseverin.ch\/index.php\/wp-json\/wp\/v2\/media?parent=1372"}],"wp:term":[{"taxonomy":"category","embeddable":true,"href":"https:\/\/blog-kathrinseverin.ch\/index.php\/wp-json\/wp\/v2\/categories?post=1372"},{"taxonomy":"post_tag","embeddable":true,"href":"https:\/\/blog-kathrinseverin.ch\/index.php\/wp-json\/wp\/v2\/tags?post=1372"}],"curies":[{"name":"wp","href":"https:\/\/api.w.org\/{rel}","templated":true}]}}