{"id":147,"date":"2020-07-02T14:46:54","date_gmt":"2020-07-02T14:46:54","guid":{"rendered":"https:\/\/blog-kathrinseverin.ch\/?p=147"},"modified":"2020-07-02T14:46:54","modified_gmt":"2020-07-02T14:46:54","slug":"aso-wuerkli","status":"publish","type":"post","link":"https:\/\/blog-kathrinseverin.ch\/index.php\/2020\/07\/02\/aso-wuerkli\/","title":{"rendered":"Aso w\u00fcrkli"},"content":{"rendered":"\n<p>\u2026 i ha k\u00e4 Ziit gha! <br>Wer schon mit mir zusammen eine Malwoche genossen hat weiss, wie es da zu und her geht. Nein \u2013 ich meine nicht das engagierte Malen, das intensiv beobachtende Zeichnen, die konzentrierten Bild- besprechungen \u2013 ich rede hier von etwas ganz anderem: Vom Ap\u00e9rotrinken, vom Erz\u00e4hlen und Zuh\u00f6ren, vom zusammen Wandern, vom Geniessen. Vom gemeinsamen Picknicken, vom Dessertbuffet, vom morgens fr\u00fch in Richtung Gletscher laufen \u2026 das war einfach wunderbar. Aber nat\u00fcrlich wurde auch viel gearbeitet, meine phantastischen Engadinfans waren inspiriert und haben fleissig gemalt und gezeichnet. Hier nun also ein paar M\u00fcsterli, welche ich \u2013 sur place &#8211; als Beispiele f\u00fcr die verschiedenen Teilnehmer gezeichnet habe. So unterschiedlich k\u00f6nnte das selbe Motiv umgesetzt werden &#8211; das macht Fr\u00f6id. Und wer nun Lust bekommt aufs Val Roseg: vom 20. bis am 26. Juni 2021 ist es wieder soweit. Ein paar Pl\u00e4tze sind noch frei. Am einfachsten geht die  Anmeldung &#8211; auch  provisorisch &#8211; \u00fcber meine <a href=\"http:\/\/www.kathrinseverin.ch\">Webseite<\/a>.<\/p>\n\n\n\n<figure class=\"wp-block-image size-large\"><img loading=\"lazy\" decoding=\"async\" width=\"325\" height=\"325\" src=\"https:\/\/blog-kathrinseverin.ch\/wp-content\/uploads\/2020\/07\/2020_ValRoseg_Skizze7_Tal_325.jpg\" alt=\"\" class=\"wp-image-151\" srcset=\"https:\/\/blog-kathrinseverin.ch\/wp-content\/uploads\/2020\/07\/2020_ValRoseg_Skizze7_Tal_325.jpg 325w, https:\/\/blog-kathrinseverin.ch\/wp-content\/uploads\/2020\/07\/2020_ValRoseg_Skizze7_Tal_325-300x300.jpg 300w, https:\/\/blog-kathrinseverin.ch\/wp-content\/uploads\/2020\/07\/2020_ValRoseg_Skizze7_Tal_325-150x150.jpg 150w, https:\/\/blog-kathrinseverin.ch\/wp-content\/uploads\/2020\/07\/2020_ValRoseg_Skizze7_Tal_325-100x100.jpg 100w\" sizes=\"auto, (max-width: 325px) 100vw, 325px\" \/><\/figure>\n\n\n\n<div class=\"wp-block-group\"><div class=\"wp-block-group__inner-container is-layout-flow wp-block-group-is-layout-flow\">\n<div class=\"wp-block-group\"><div class=\"wp-block-group__inner-container is-layout-flow wp-block-group-is-layout-flow\">\n<figure class=\"wp-block-image size-large\"><img loading=\"lazy\" decoding=\"async\" width=\"325\" height=\"325\" src=\"https:\/\/blog-kathrinseverin.ch\/wp-content\/uploads\/2020\/07\/2020_ValRoseg_Skizze5_Tal_325.jpg\" alt=\"\" class=\"wp-image-149\" srcset=\"https:\/\/blog-kathrinseverin.ch\/wp-content\/uploads\/2020\/07\/2020_ValRoseg_Skizze5_Tal_325.jpg 325w, https:\/\/blog-kathrinseverin.ch\/wp-content\/uploads\/2020\/07\/2020_ValRoseg_Skizze5_Tal_325-300x300.jpg 300w, https:\/\/blog-kathrinseverin.ch\/wp-content\/uploads\/2020\/07\/2020_ValRoseg_Skizze5_Tal_325-150x150.jpg 150w, https:\/\/blog-kathrinseverin.ch\/wp-content\/uploads\/2020\/07\/2020_ValRoseg_Skizze5_Tal_325-100x100.jpg 100w\" sizes=\"auto, (max-width: 325px) 100vw, 325px\" \/><\/figure>\n<\/div><\/div>\n<\/div><\/div>\n\n\n\n<figure class=\"wp-block-image size-large\"><img loading=\"lazy\" decoding=\"async\" width=\"325\" height=\"325\" src=\"https:\/\/blog-kathrinseverin.ch\/wp-content\/uploads\/2020\/07\/2020_ValRoseg_Skizze6_Tal_325.jpg\" alt=\"\" class=\"wp-image-150\" srcset=\"https:\/\/blog-kathrinseverin.ch\/wp-content\/uploads\/2020\/07\/2020_ValRoseg_Skizze6_Tal_325.jpg 325w, https:\/\/blog-kathrinseverin.ch\/wp-content\/uploads\/2020\/07\/2020_ValRoseg_Skizze6_Tal_325-300x300.jpg 300w, https:\/\/blog-kathrinseverin.ch\/wp-content\/uploads\/2020\/07\/2020_ValRoseg_Skizze6_Tal_325-150x150.jpg 150w, https:\/\/blog-kathrinseverin.ch\/wp-content\/uploads\/2020\/07\/2020_ValRoseg_Skizze6_Tal_325-100x100.jpg 100w\" sizes=\"auto, (max-width: 325px) 100vw, 325px\" \/><\/figure>\n\n\n\n<figure class=\"wp-block-image size-large\"><img loading=\"lazy\" decoding=\"async\" width=\"325\" height=\"325\" src=\"https:\/\/blog-kathrinseverin.ch\/wp-content\/uploads\/2020\/07\/2020_ValRoseg_Skizze8_Tal_325-1.jpg\" alt=\"\" class=\"wp-image-153\" srcset=\"https:\/\/blog-kathrinseverin.ch\/wp-content\/uploads\/2020\/07\/2020_ValRoseg_Skizze8_Tal_325-1.jpg 325w, https:\/\/blog-kathrinseverin.ch\/wp-content\/uploads\/2020\/07\/2020_ValRoseg_Skizze8_Tal_325-1-300x300.jpg 300w, https:\/\/blog-kathrinseverin.ch\/wp-content\/uploads\/2020\/07\/2020_ValRoseg_Skizze8_Tal_325-1-150x150.jpg 150w, https:\/\/blog-kathrinseverin.ch\/wp-content\/uploads\/2020\/07\/2020_ValRoseg_Skizze8_Tal_325-1-100x100.jpg 100w\" sizes=\"auto, (max-width: 325px) 100vw, 325px\" \/><\/figure>\n\n\n\n<figure class=\"wp-block-image size-large\"><img loading=\"lazy\" decoding=\"async\" width=\"325\" height=\"325\" src=\"https:\/\/blog-kathrinseverin.ch\/wp-content\/uploads\/2020\/07\/2020_ValRoseg_Skizze12_Tal_325.jpg\" alt=\"\" class=\"wp-image-154\" srcset=\"https:\/\/blog-kathrinseverin.ch\/wp-content\/uploads\/2020\/07\/2020_ValRoseg_Skizze12_Tal_325.jpg 325w, https:\/\/blog-kathrinseverin.ch\/wp-content\/uploads\/2020\/07\/2020_ValRoseg_Skizze12_Tal_325-300x300.jpg 300w, https:\/\/blog-kathrinseverin.ch\/wp-content\/uploads\/2020\/07\/2020_ValRoseg_Skizze12_Tal_325-150x150.jpg 150w, https:\/\/blog-kathrinseverin.ch\/wp-content\/uploads\/2020\/07\/2020_ValRoseg_Skizze12_Tal_325-100x100.jpg 100w\" sizes=\"auto, (max-width: 325px) 100vw, 325px\" \/><\/figure>\n\n\n\n<figure class=\"wp-block-image size-large\"><img loading=\"lazy\" decoding=\"async\" width=\"325\" height=\"325\" src=\"https:\/\/blog-kathrinseverin.ch\/wp-content\/uploads\/2020\/07\/2020_ValRoseg_Skizze7_Talwasser_325.jpg\" alt=\"\" class=\"wp-image-155\" srcset=\"https:\/\/blog-kathrinseverin.ch\/wp-content\/uploads\/2020\/07\/2020_ValRoseg_Skizze7_Talwasser_325.jpg 325w, https:\/\/blog-kathrinseverin.ch\/wp-content\/uploads\/2020\/07\/2020_ValRoseg_Skizze7_Talwasser_325-300x300.jpg 300w, https:\/\/blog-kathrinseverin.ch\/wp-content\/uploads\/2020\/07\/2020_ValRoseg_Skizze7_Talwasser_325-150x150.jpg 150w, https:\/\/blog-kathrinseverin.ch\/wp-content\/uploads\/2020\/07\/2020_ValRoseg_Skizze7_Talwasser_325-100x100.jpg 100w\" sizes=\"auto, (max-width: 325px) 100vw, 325px\" \/><\/figure>\n\n\n\n<figure class=\"wp-block-image size-large\"><img loading=\"lazy\" decoding=\"async\" width=\"650\" height=\"335\" src=\"https:\/\/blog-kathrinseverin.ch\/wp-content\/uploads\/2020\/07\/2020_ValRoseg_Skizze9_Tal_650.jpg\" alt=\"\" class=\"wp-image-156\" srcset=\"https:\/\/blog-kathrinseverin.ch\/wp-content\/uploads\/2020\/07\/2020_ValRoseg_Skizze9_Tal_650.jpg 650w, https:\/\/blog-kathrinseverin.ch\/wp-content\/uploads\/2020\/07\/2020_ValRoseg_Skizze9_Tal_650-300x155.jpg 300w\" sizes=\"auto, (max-width: 650px) 100vw, 650px\" \/><\/figure>\n\n\n\n<figure class=\"wp-block-image size-large\"><img loading=\"lazy\" decoding=\"async\" width=\"650\" height=\"337\" src=\"https:\/\/blog-kathrinseverin.ch\/wp-content\/uploads\/2020\/07\/2020_ValRoseg_Skizze11_Tal_650.jpg\" alt=\"\" class=\"wp-image-157\" srcset=\"https:\/\/blog-kathrinseverin.ch\/wp-content\/uploads\/2020\/07\/2020_ValRoseg_Skizze11_Tal_650.jpg 650w, https:\/\/blog-kathrinseverin.ch\/wp-content\/uploads\/2020\/07\/2020_ValRoseg_Skizze11_Tal_650-300x156.jpg 300w\" sizes=\"auto, (max-width: 650px) 100vw, 650px\" \/><\/figure>\n\n\n\n<p>Am Samstag beginnen die Sommerseminare, ich freue mich sehr darauf.&nbsp; Im Atelier k\u00f6nnen die geforderten Abst\u00e4nde gut eingehalten werden und wir werden eine Maske tragen.<\/p>\n\n\n\n<p>In<a href=\"http:\/\/www.kathrinseverin.ch\"> Seminar 6 <\/a>vom n\u00e4chsten Samstag geht es um Farbkonzepte \u2013 auch im Skizzenbuch. <br>Da sind noch zwei Pl\u00e4tze frei.<\/p>\n\n\n\n<figure class=\"wp-block-image size-large\"><img loading=\"lazy\" decoding=\"async\" width=\"650\" height=\"337\" src=\"https:\/\/blog-kathrinseverin.ch\/wp-content\/uploads\/2020\/07\/2020_6_650.jpg\" alt=\"\" class=\"wp-image-159\" srcset=\"https:\/\/blog-kathrinseverin.ch\/wp-content\/uploads\/2020\/07\/2020_6_650.jpg 650w, https:\/\/blog-kathrinseverin.ch\/wp-content\/uploads\/2020\/07\/2020_6_650-300x156.jpg 300w\" sizes=\"auto, (max-width: 650px) 100vw, 650px\" \/><\/figure>\n\n\n\n<p>An den Greifensee in <a href=\"http:\/\/www.kathrinseverin.ch\">Seminar 8<\/a> k\u00f6nnten noch ein bis zwei Personen mitkommen. Und f\u00fcrs farbige<a href=\"http:\/\/www.kathrinseverin.ch\"> Seminar 10<\/a>, \u201eAlles Gelb? Gr\u00fcn? Blau? Rot?\u201c k\u00f6nnten sich noch vier Personen anmelden. Die Seminare 4, 5, 7 und 9 sind voll belegt, aber es gibt Wartelisten.<br>Ende August geht\u2019s dann in die Ferien nach <a href=\"http:\/\/www.kathrinseverin.ch\">Soglio<\/a>. Auf Anfrage k\u00f6nnte ev. noch jemand mitkommen.<\/p>\n\n\n\n<figure class=\"wp-block-image size-large\"><img loading=\"lazy\" decoding=\"async\" width=\"650\" height=\"252\" src=\"https:\/\/blog-kathrinseverin.ch\/wp-content\/uploads\/2020\/07\/2020_Soglio_3_650.jpg\" alt=\"\" class=\"wp-image-161\" srcset=\"https:\/\/blog-kathrinseverin.ch\/wp-content\/uploads\/2020\/07\/2020_Soglio_3_650.jpg 650w, https:\/\/blog-kathrinseverin.ch\/wp-content\/uploads\/2020\/07\/2020_Soglio_3_650-300x116.jpg 300w\" sizes=\"auto, (max-width: 650px) 100vw, 650px\" \/><\/figure>\n\n\n\n<p>Und f\u00fcrs <a href=\"http:\/\/www.kathrinseverin.ch\">Tessin<\/a> vom 19. \u2013 26. September k\u00f6nnten sich noch vier Teilnehmer anmelden. Danach ist schon bald wieder Zeit f\u00fcr die beiden <a href=\"http:\/\/www.kathrinseverin.ch\">Herbstseminare<\/a> \u2013 in Nummer 11 gibt\u2019s noch zwei freie Pl\u00e4tze und im Zw\u00f6lfi sind noch vier Pl\u00e4tze frei.<\/p>\n\n\n\n<figure class=\"wp-block-image size-large\"><img loading=\"lazy\" decoding=\"async\" width=\"650\" height=\"269\" src=\"https:\/\/blog-kathrinseverin.ch\/wp-content\/uploads\/2020\/07\/2021_tessin_Bild4_650.jpg\" alt=\"\" class=\"wp-image-166\" srcset=\"https:\/\/blog-kathrinseverin.ch\/wp-content\/uploads\/2020\/07\/2021_tessin_Bild4_650.jpg 650w, https:\/\/blog-kathrinseverin.ch\/wp-content\/uploads\/2020\/07\/2021_tessin_Bild4_650-300x124.jpg 300w\" sizes=\"auto, (max-width: 650px) 100vw, 650px\" \/><\/figure>\n\n\n\n<p><strong>Und dann ist da ja noch die Kunst:<\/strong><\/p>\n\n\n\n<p>Wie w\u00e4re es mit einem Besuch im<a href=\"http:\/\/www.galerieweiertal.ch\"> Kulturort Weiertal<\/a>? Im wundersch\u00f6nen Park findet man  nebst anderem auch mein Werk \u201eFarbFernSehen\u201c . Ich bin manchmal w\u00fcrkli auch ganz sch\u00f6n farbig. <br>Ausserdem zeige ich im  <a href=\"https:\/\/www.eduardspoerri.ch\">Museum Eduard Sp\u00f6rri<\/a> in Wettingen ein kleineres Seilobjekt &#8211; ganz in Weiss. Die n\u00e4chste Vernissage gibts dann Mitte Oktober in der Lokremise Wil. Ich zeige Zeichnungen der Serie &#171;Netzwerk und Bindungen&#187;. Da lockt dann die Kunst!<\/p>\n\n\n\n<p>Aber zuerst wollen wir nun einmal den mit Abstand besten Sommer dieses Jahres geniessen. <br>Aso, l\u00f6nd eu Ziit, bis glii! &nbsp;<\/p>\n","protected":false},"excerpt":{"rendered":"<p>\u2026 i ha k\u00e4 Ziit gha! Wer schon mit mir zusammen eine Malwoche genossen hat weiss, wie es da zu und her geht. Nein \u2013 ich meine nicht das engagierte Malen, das intensiv beobachtende Zeichnen, die konzentrierten Bild- besprechungen \u2013 ich rede hier von etwas ganz anderem: Vom Ap\u00e9rotrinken, vom Erz\u00e4hlen und Zuh\u00f6ren, vom zusammen &hellip; <\/p>\n<p class=\"link-more\"><a href=\"https:\/\/blog-kathrinseverin.ch\/index.php\/2020\/07\/02\/aso-wuerkli\/\" class=\"more-link\"><span class=\"screen-reader-text\">&#171;Aso w\u00fcrkli&#187;<\/span> weiterlesen<\/a><\/p>\n","protected":false},"author":1,"featured_media":0,"comment_status":"open","ping_status":"open","sticky":false,"template":"","format":"standard","meta":{"footnotes":""},"categories":[1],"tags":[],"class_list":["post-147","post","type-post","status-publish","format-standard","hentry","category-allgemein"],"_links":{"self":[{"href":"https:\/\/blog-kathrinseverin.ch\/index.php\/wp-json\/wp\/v2\/posts\/147","targetHints":{"allow":["GET"]}}],"collection":[{"href":"https:\/\/blog-kathrinseverin.ch\/index.php\/wp-json\/wp\/v2\/posts"}],"about":[{"href":"https:\/\/blog-kathrinseverin.ch\/index.php\/wp-json\/wp\/v2\/types\/post"}],"author":[{"embeddable":true,"href":"https:\/\/blog-kathrinseverin.ch\/index.php\/wp-json\/wp\/v2\/users\/1"}],"replies":[{"embeddable":true,"href":"https:\/\/blog-kathrinseverin.ch\/index.php\/wp-json\/wp\/v2\/comments?post=147"}],"version-history":[{"count":6,"href":"https:\/\/blog-kathrinseverin.ch\/index.php\/wp-json\/wp\/v2\/posts\/147\/revisions"}],"predecessor-version":[{"id":170,"href":"https:\/\/blog-kathrinseverin.ch\/index.php\/wp-json\/wp\/v2\/posts\/147\/revisions\/170"}],"wp:attachment":[{"href":"https:\/\/blog-kathrinseverin.ch\/index.php\/wp-json\/wp\/v2\/media?parent=147"}],"wp:term":[{"taxonomy":"category","embeddable":true,"href":"https:\/\/blog-kathrinseverin.ch\/index.php\/wp-json\/wp\/v2\/categories?post=147"},{"taxonomy":"post_tag","embeddable":true,"href":"https:\/\/blog-kathrinseverin.ch\/index.php\/wp-json\/wp\/v2\/tags?post=147"}],"curies":[{"name":"wp","href":"https:\/\/api.w.org\/{rel}","templated":true}]}}