{"id":1543,"date":"2025-11-25T17:43:55","date_gmt":"2025-11-25T16:43:55","guid":{"rendered":"https:\/\/blog-kathrinseverin.ch\/?p=1543"},"modified":"2025-12-02T12:13:29","modified_gmt":"2025-12-02T11:13:29","slug":"skizzenrueckblick-2025","status":"publish","type":"post","link":"https:\/\/blog-kathrinseverin.ch\/index.php\/2025\/11\/25\/skizzenrueckblick-2025\/","title":{"rendered":"Skizzenr\u00fcckblick 2025"},"content":{"rendered":"\n<p><strong>Am Donnerstag, 4. Dezember, \u00f6ffne ich mein Atelier!<\/strong><br>Von 10 bis 18 Uhr sind alle Neugierigen herzlich eingeladen, meine Reiseb\u00fccher aus dem Jahr 2025 anzuschauen. Dieses Jahr umfasst die Skizzenbuch-Kollektion B\u00fccher und Leporellos aus Indonesien, Italien und Frankreich, auch aus Paris. Nat\u00fcrlich sind auch Eindr\u00fccke aus dem Val Roseg im Engadin zu sehen. Viele Reiseskizzen sind mit Text erg\u00e4nzt &#8211; es sind oft illustrierte Tageb\u00fccher. Und wie jedes Jahr gilt: Mit Kaffee oder einem Glas Wein in der N\u00e4he ist Skizzenbuch-Bl\u00e4ttern am sch\u00f6nsten. Ich freue mich auf alle Besucher an der Oberm\u00fchlestrasse 2 in 8400 Winterthur, am Donnerstag, den 4. Dezember ab 10 bis um 18 Uhr.<\/p>\n\n\n\n<figure class=\"wp-block-image size-large\"><img loading=\"lazy\" decoding=\"async\" width=\"1024\" height=\"601\" src=\"https:\/\/blog-kathrinseverin.ch\/wp-content\/uploads\/2025\/11\/IMG_9529_2000-1-1024x601.jpg\" alt=\"\" class=\"wp-image-1526\" srcset=\"https:\/\/blog-kathrinseverin.ch\/wp-content\/uploads\/2025\/11\/IMG_9529_2000-1-1024x601.jpg 1024w, https:\/\/blog-kathrinseverin.ch\/wp-content\/uploads\/2025\/11\/IMG_9529_2000-1-300x176.jpg 300w, https:\/\/blog-kathrinseverin.ch\/wp-content\/uploads\/2025\/11\/IMG_9529_2000-1-768x450.jpg 768w, https:\/\/blog-kathrinseverin.ch\/wp-content\/uploads\/2025\/11\/IMG_9529_2000-1-1536x901.jpg 1536w, https:\/\/blog-kathrinseverin.ch\/wp-content\/uploads\/2025\/11\/IMG_9529_2000-1.jpg 2000w\" sizes=\"auto, (max-width: 767px) 89vw, (max-width: 1000px) 54vw, (max-width: 1071px) 543px, 580px\" \/><\/figure>\n\n\n\n<p><br><strong>Oh, toujours la france!<\/strong><\/p>\n\n\n\n<p>Im September f\u00fchrte eine Reise zuerst in die Provence, um die liebe Freundin und K\u00fcnstlerin Ursula Hanes zu besuchen. Anschliessend ging es weiter \u00fcber Carcasonne in den Gers, eine etwas vertr\u00e4umte Region nahe Bordeaux. Die Landschaft ist wundersch\u00f6n, typisch franz\u00f6sisch verschlafen, mit kleinen Weilern und St\u00e4dtchen. (Am 4. Dezember erz\u00e4hle ich dann gerne von meiner neuesten B&amp;B-Entdeckung in la Bastide d`Armagnac.) Danach ging es nach Bordeaux, das mir sehr gut gefallen hat, und nat\u00fcrlich in die Weingegend. Austern am Meer, das musste sein, allerdings war das Meer war grad abwesend, vow\u00e4ge Ebbe. Aber die Austern waren fantastisch frisch. Anschliessend zur\u00fcck nach Osten, quer durch Frankreich, entlang der Dordogne, mit Aufenthalten in Sarlat und Autun. Ich h\u00e4tte wieder \u00fcberall einfach bleiben m\u00f6gen, um alles zu zeichnen. Reisen ist so inspirierend!<\/p>\n\n\n\n<figure class=\"wp-block-image size-large\"><img loading=\"lazy\" decoding=\"async\" width=\"1024\" height=\"186\" src=\"https:\/\/blog-kathrinseverin.ch\/wp-content\/uploads\/2025\/11\/IMG_1240-1-1024x186.jpg\" alt=\"\" class=\"wp-image-1527\" srcset=\"https:\/\/blog-kathrinseverin.ch\/wp-content\/uploads\/2025\/11\/IMG_1240-1-1024x186.jpg 1024w, https:\/\/blog-kathrinseverin.ch\/wp-content\/uploads\/2025\/11\/IMG_1240-1-300x55.jpg 300w, https:\/\/blog-kathrinseverin.ch\/wp-content\/uploads\/2025\/11\/IMG_1240-1-768x140.jpg 768w, https:\/\/blog-kathrinseverin.ch\/wp-content\/uploads\/2025\/11\/IMG_1240-1-1536x279.jpg 1536w, https:\/\/blog-kathrinseverin.ch\/wp-content\/uploads\/2025\/11\/IMG_1240-1-2048x373.jpg 2048w\" sizes=\"auto, (max-width: 767px) 89vw, (max-width: 1000px) 54vw, (max-width: 1071px) 543px, 580px\" \/><\/figure>\n\n\n\n<figure class=\"wp-block-image size-large\"><img loading=\"lazy\" decoding=\"async\" width=\"1024\" height=\"255\" src=\"https:\/\/blog-kathrinseverin.ch\/wp-content\/uploads\/2025\/11\/IMG_1249_2000-1-1024x255.jpg\" alt=\"\" class=\"wp-image-1528\" srcset=\"https:\/\/blog-kathrinseverin.ch\/wp-content\/uploads\/2025\/11\/IMG_1249_2000-1-1024x255.jpg 1024w, https:\/\/blog-kathrinseverin.ch\/wp-content\/uploads\/2025\/11\/IMG_1249_2000-1-300x75.jpg 300w, https:\/\/blog-kathrinseverin.ch\/wp-content\/uploads\/2025\/11\/IMG_1249_2000-1-768x192.jpg 768w, https:\/\/blog-kathrinseverin.ch\/wp-content\/uploads\/2025\/11\/IMG_1249_2000-1-1536x383.jpg 1536w, https:\/\/blog-kathrinseverin.ch\/wp-content\/uploads\/2025\/11\/IMG_1249_2000-1.jpg 2000w\" sizes=\"auto, (max-width: 767px) 89vw, (max-width: 1000px) 54vw, (max-width: 1071px) 543px, 580px\" \/><\/figure>\n\n\n\n<p><strong>Italia per sempre!<\/strong><\/p>\n\n\n\n<figure class=\"wp-block-image size-large\"><img loading=\"lazy\" decoding=\"async\" width=\"1024\" height=\"576\" src=\"https:\/\/blog-kathrinseverin.ch\/wp-content\/uploads\/2025\/11\/IMG_0871_1600-1024x576.jpg\" alt=\"\" class=\"wp-image-1523\" srcset=\"https:\/\/blog-kathrinseverin.ch\/wp-content\/uploads\/2025\/11\/IMG_0871_1600-1024x576.jpg 1024w, https:\/\/blog-kathrinseverin.ch\/wp-content\/uploads\/2025\/11\/IMG_0871_1600-300x169.jpg 300w, https:\/\/blog-kathrinseverin.ch\/wp-content\/uploads\/2025\/11\/IMG_0871_1600-768x432.jpg 768w, https:\/\/blog-kathrinseverin.ch\/wp-content\/uploads\/2025\/11\/IMG_0871_1600-1536x864.jpg 1536w, https:\/\/blog-kathrinseverin.ch\/wp-content\/uploads\/2025\/11\/IMG_0871_1600.jpg 1572w\" sizes=\"auto, (max-width: 767px) 89vw, (max-width: 1000px) 54vw, (max-width: 1071px) 543px, 580px\" \/><\/figure>\n\n\n\n<p>Im Oktober habe ich meinen Enkeln Venedig gezeigt. Zum Skizzieren blieb wenig Zeit, aber nat\u00fcrlich sind viele, typische Venedigfotos entstanden. Das Grosmami-Enkelteam hat sich bew\u00e4hrt, ich werde n\u00e4chstes Jahr wieder mit ihnen verreisen. (Das Grosmamiportr\u00e4t rechts unten hat Kilian gezeichnet)<\/p>\n\n\n\n<figure class=\"wp-block-image size-large\"><img loading=\"lazy\" decoding=\"async\" width=\"1024\" height=\"307\" src=\"https:\/\/blog-kathrinseverin.ch\/wp-content\/uploads\/2025\/11\/C71D2AE5_2000-1024x307.jpg\" alt=\"\" class=\"wp-image-1513\" srcset=\"https:\/\/blog-kathrinseverin.ch\/wp-content\/uploads\/2025\/11\/C71D2AE5_2000-1024x307.jpg 1024w, https:\/\/blog-kathrinseverin.ch\/wp-content\/uploads\/2025\/11\/C71D2AE5_2000-300x90.jpg 300w, https:\/\/blog-kathrinseverin.ch\/wp-content\/uploads\/2025\/11\/C71D2AE5_2000-768x230.jpg 768w, https:\/\/blog-kathrinseverin.ch\/wp-content\/uploads\/2025\/11\/C71D2AE5_2000-1536x461.jpg 1536w, https:\/\/blog-kathrinseverin.ch\/wp-content\/uploads\/2025\/11\/C71D2AE5_2000.jpg 2000w\" sizes=\"auto, (max-width: 767px) 89vw, (max-width: 1000px) 54vw, (max-width: 1071px) 543px, 580px\" \/><\/figure>\n\n\n\n<figure class=\"wp-block-image size-large\"><img loading=\"lazy\" decoding=\"async\" width=\"1024\" height=\"287\" src=\"https:\/\/blog-kathrinseverin.ch\/wp-content\/uploads\/2025\/11\/4423078D_2000-1024x287.jpg\" alt=\"\" class=\"wp-image-1512\" srcset=\"https:\/\/blog-kathrinseverin.ch\/wp-content\/uploads\/2025\/11\/4423078D_2000-1024x287.jpg 1024w, https:\/\/blog-kathrinseverin.ch\/wp-content\/uploads\/2025\/11\/4423078D_2000-300x84.jpg 300w, https:\/\/blog-kathrinseverin.ch\/wp-content\/uploads\/2025\/11\/4423078D_2000-768x215.jpg 768w, https:\/\/blog-kathrinseverin.ch\/wp-content\/uploads\/2025\/11\/4423078D_2000-1536x430.jpg 1536w, https:\/\/blog-kathrinseverin.ch\/wp-content\/uploads\/2025\/11\/4423078D_2000.jpg 2000w\" sizes=\"auto, (max-width: 767px) 89vw, (max-width: 1000px) 54vw, (max-width: 1071px) 543px, 580px\" \/><\/figure>\n\n\n\n<p><strong>Wie w\u00e4re es mit einer Juniwoche im Engadin?<\/strong><\/p>\n\n\n\n<p>W\u00e4re es jetzt nicht h\u00f6chste Zeit, einen Termin im 26zgi zu fixieren, auf den man sich freuen kann? Ich begleite im n\u00e4chsten Juni wieder zwei Malgruppen ins Val Roseg. Vom 12. bis 19. Juni und vom 21. bis 27. Juni 2026 werden wir im Engadin gestalten. In beiden Wochen sind noch Pl\u00e4tze frei. Alle Informationen zu den Malwochen und viele Fotos gibt es <strong><a href=\"https:\/\/blog-kathrinseverin.ch\/index.php\/val-roseg-2-4\/\" data-type=\"page\" data-id=\"334\">h<\/a><\/strong><a href=\"https:\/\/blog-kathrinseverin.ch\/index.php\/val-roseg-2-4\/\" data-type=\"page\" data-id=\"334\">ier<\/a> auf dieser Seite<strong> <\/strong>. Und \u00fcber ks@kathrinseverin kann ein Platz reserviert werden.<\/p>\n\n\n\n<figure class=\"wp-block-image size-large\"><img loading=\"lazy\" decoding=\"async\" width=\"1024\" height=\"768\" src=\"https:\/\/blog-kathrinseverin.ch\/wp-content\/uploads\/2025\/11\/Valroseg_2000_9102-1024x768.jpg\" alt=\"\" class=\"wp-image-1518\" srcset=\"https:\/\/blog-kathrinseverin.ch\/wp-content\/uploads\/2025\/11\/Valroseg_2000_9102-1024x768.jpg 1024w, https:\/\/blog-kathrinseverin.ch\/wp-content\/uploads\/2025\/11\/Valroseg_2000_9102-300x225.jpg 300w, https:\/\/blog-kathrinseverin.ch\/wp-content\/uploads\/2025\/11\/Valroseg_2000_9102-768x576.jpg 768w, https:\/\/blog-kathrinseverin.ch\/wp-content\/uploads\/2025\/11\/Valroseg_2000_9102-1536x1152.jpg 1536w, https:\/\/blog-kathrinseverin.ch\/wp-content\/uploads\/2025\/11\/Valroseg_2000_9102.jpg 2000w\" sizes=\"auto, (max-width: 767px) 89vw, (max-width: 1000px) 54vw, (max-width: 1071px) 543px, 580px\" \/><\/figure>\n\n\n\n<p><strong>Ein Blick \/ Einblick<\/strong><\/p>\n\n\n\n<figure class=\"wp-block-image size-large\"><img loading=\"lazy\" decoding=\"async\" width=\"1024\" height=\"498\" src=\"https:\/\/blog-kathrinseverin.ch\/wp-content\/uploads\/2025\/11\/IMG_1233_2000-1024x498.jpg\" alt=\"\" class=\"wp-image-1531\" srcset=\"https:\/\/blog-kathrinseverin.ch\/wp-content\/uploads\/2025\/11\/IMG_1233_2000-1024x498.jpg 1024w, https:\/\/blog-kathrinseverin.ch\/wp-content\/uploads\/2025\/11\/IMG_1233_2000-300x146.jpg 300w, https:\/\/blog-kathrinseverin.ch\/wp-content\/uploads\/2025\/11\/IMG_1233_2000-768x374.jpg 768w, https:\/\/blog-kathrinseverin.ch\/wp-content\/uploads\/2025\/11\/IMG_1233_2000-1536x747.jpg 1536w, https:\/\/blog-kathrinseverin.ch\/wp-content\/uploads\/2025\/11\/IMG_1233_2000.jpg 2000w\" sizes=\"auto, (max-width: 767px) 89vw, (max-width: 1000px) 54vw, (max-width: 1071px) 543px, 580px\" \/><\/figure>\n\n\n\n<p>Neulich, an einer Vernissage, begr\u00fcsste mich ein lieber K\u00fcnstlerkollege mit: Ja hoooi Kathrin, gahts guet? G\u00e4ll, du machsch n\u00fct meh? Ich war leicht irritiert &#8211; habe dann aber herausgefunden, dass sein Eindruck durch meine Abwesenheit auf den sozialen Medien und durch den fehlenden Newsletter entstanden ist. Ich werde mich bessern und wieder zeigen, was alles entsteht und wo auf der Welt ich mich gerade befinde. Man will ja nicht einfach so spurlos verschwinden&#8230;<\/p>\n\n\n\n<p>In letzter Zeit habe ich fleissig im Atelier gearbeitet. Die Mosaike der Kosmaten haben mich zu zahlreichen Zeichnungen inspiriert. Ich konnte den Grundkonstruktionen der Mosaike nachsp\u00fcren und daraus neue Netzwerke entwickeln. Und seit einigen Wochen arbeite ich an einem grossformatigen Werk, f\u00fcr einmal ganz ohne System, aber mit ziemlich viel Geduld. Ich bin wirklich neugierig auf das Ergebnis. <br><br><strong>Pl\u00e4ne f\u00fcr 2026<\/strong><br><br>Im April 2026 plane ich eine Einzelausstellung mit meinen neuesten Werken. Selbstverst\u00e4ndlich werde ich rechtzeitig auf diesem Blog dar\u00fcber informieren. Wer eine gedruckte Einladungskarte erhalten m\u00f6chte, oder wer per E-mail informiert werden m\u00f6chte, kann mir auf ks@kathrinseverin.ch eine Mitteilung senden.<br>Und nat\u00fcrlich ist f\u00fcr 2026 wieder ein Aufenthalt in Italien geplant. Ein wenig S\u00fcdfrankreich muss ja auch sein. Ausserdem m\u00f6chte ich viel Zeit in Paris verbringen und mal wieder etwas Abenteuerliches unternehmen &#8211; meine Wunschliste ist lang. Ich bin neugierig, was alles kommen wird, und freue mich jetzt schon einmal vorab auf all die Eindr\u00fccke und auf meine vielen Reisekizzen.<br><br>Besucht mich doch am 4. Dezember im Atelier! S git N\u00fcssli.<br>Liebe Gr\u00fcsse, <br>Kathrin Severin<\/p>\n","protected":false},"excerpt":{"rendered":"<p>Am Donnerstag, 4. Dezember, \u00f6ffne ich mein Atelier!Von 10 bis 18 Uhr sind alle Neugierigen herzlich eingeladen, meine Reiseb\u00fccher aus dem Jahr 2025 anzuschauen. Dieses Jahr umfasst die Skizzenbuch-Kollektion B\u00fccher und Leporellos aus Indonesien, Italien und Frankreich, auch aus Paris. Nat\u00fcrlich sind auch Eindr\u00fccke aus dem Val Roseg im Engadin zu sehen. Viele Reiseskizzen sind &hellip; <\/p>\n<p class=\"link-more\"><a href=\"https:\/\/blog-kathrinseverin.ch\/index.php\/2025\/11\/25\/skizzenrueckblick-2025\/\" class=\"more-link\"><span class=\"screen-reader-text\">&#171;Skizzenr\u00fcckblick 2025&#187;<\/span> weiterlesen<\/a><\/p>\n","protected":false},"author":1,"featured_media":0,"comment_status":"open","ping_status":"","sticky":false,"template":"","format":"standard","meta":{"footnotes":""},"categories":[1],"tags":[14,2,5,3,6,17,24,8,4],"class_list":["post-1543","post","type-post","status-publish","format-standard","hentry","category-allgemein","tag-ausstellung","tag-kathrin-severin","tag-kunst","tag-malen","tag-malferien","tag-reisen","tag-vernissage","tag-winterthur","tag-zeichnen"],"_links":{"self":[{"href":"https:\/\/blog-kathrinseverin.ch\/index.php\/wp-json\/wp\/v2\/posts\/1543","targetHints":{"allow":["GET"]}}],"collection":[{"href":"https:\/\/blog-kathrinseverin.ch\/index.php\/wp-json\/wp\/v2\/posts"}],"about":[{"href":"https:\/\/blog-kathrinseverin.ch\/index.php\/wp-json\/wp\/v2\/types\/post"}],"author":[{"embeddable":true,"href":"https:\/\/blog-kathrinseverin.ch\/index.php\/wp-json\/wp\/v2\/users\/1"}],"replies":[{"embeddable":true,"href":"https:\/\/blog-kathrinseverin.ch\/index.php\/wp-json\/wp\/v2\/comments?post=1543"}],"version-history":[{"count":4,"href":"https:\/\/blog-kathrinseverin.ch\/index.php\/wp-json\/wp\/v2\/posts\/1543\/revisions"}],"predecessor-version":[{"id":1547,"href":"https:\/\/blog-kathrinseverin.ch\/index.php\/wp-json\/wp\/v2\/posts\/1543\/revisions\/1547"}],"wp:attachment":[{"href":"https:\/\/blog-kathrinseverin.ch\/index.php\/wp-json\/wp\/v2\/media?parent=1543"}],"wp:term":[{"taxonomy":"category","embeddable":true,"href":"https:\/\/blog-kathrinseverin.ch\/index.php\/wp-json\/wp\/v2\/categories?post=1543"},{"taxonomy":"post_tag","embeddable":true,"href":"https:\/\/blog-kathrinseverin.ch\/index.php\/wp-json\/wp\/v2\/tags?post=1543"}],"curies":[{"name":"wp","href":"https:\/\/api.w.org\/{rel}","templated":true}]}}