{"id":1565,"date":"2026-04-06T19:15:14","date_gmt":"2026-04-06T17:15:14","guid":{"rendered":"https:\/\/blog-kathrinseverin.ch\/?p=1565"},"modified":"2026-04-06T19:15:14","modified_gmt":"2026-04-06T17:15:14","slug":"skizzenrueckblick-2025-2-2","status":"publish","type":"post","link":"https:\/\/blog-kathrinseverin.ch\/index.php\/2026\/04\/06\/skizzenrueckblick-2025-2-2\/","title":{"rendered":"H\u00e4sli"},"content":{"rendered":"\n<p>Nachts, wenn das Arch\u00e4ologische Museum in Neapel geschlossen ist, hoppelt dieser kleine Hase durch die R\u00e4ume. Bereits vor 2085 Jahren, lange vor Ostern, mochten die Bewohner von Pompeji offenbar die kleinen Langohren.<br><\/p>\n\n\n\n<figure class=\"wp-block-image size-large\"><img loading=\"lazy\" decoding=\"async\" width=\"1024\" height=\"763\" src=\"https:\/\/blog-kathrinseverin.ch\/wp-content\/uploads\/2026\/04\/2026_Hase_2000_4514-Kopie-1024x763.jpg\" alt=\"\" class=\"wp-image-1578\" srcset=\"https:\/\/blog-kathrinseverin.ch\/wp-content\/uploads\/2026\/04\/2026_Hase_2000_4514-Kopie-1024x763.jpg 1024w, https:\/\/blog-kathrinseverin.ch\/wp-content\/uploads\/2026\/04\/2026_Hase_2000_4514-Kopie-300x224.jpg 300w, https:\/\/blog-kathrinseverin.ch\/wp-content\/uploads\/2026\/04\/2026_Hase_2000_4514-Kopie-768x572.jpg 768w, https:\/\/blog-kathrinseverin.ch\/wp-content\/uploads\/2026\/04\/2026_Hase_2000_4514-Kopie-1536x1144.jpg 1536w, https:\/\/blog-kathrinseverin.ch\/wp-content\/uploads\/2026\/04\/2026_Hase_2000_4514-Kopie.jpg 2000w\" sizes=\"auto, (max-width: 767px) 89vw, (max-width: 1000px) 54vw, (max-width: 1071px) 543px, 580px\" \/><\/figure>\n\n\n\n<p><br><strong>Italien<\/strong><br>Ich bin seit einigen Tagen aus dem S\u00fcden zur\u00fcck. Es war eine Entdeckungsreise, die mich zuerst durch die Basilikata und sp\u00e4ter durch Latium f\u00fchrte. Ich habe traumhafte Landschaften gesehen und wundersch\u00f6ne Kl\u00f6ster und Felsenkirchen bewundert. Die Basilikata ist vorwiegend touristisches Hinterland. Es gibt viele kleine D\u00f6rfer und versteckte Sch\u00e4tze zu entdecken. In Latium, s\u00fcdlich von Rom, sp\u00fcrt man die N\u00e4he zum Meer und zu Rom. Mich begeistern dort die wunderbaren Kl\u00f6ster Fossanova und Casamari oder die fantastische Felsenkirche in Subiaco. Meine schnellen Tagebuch-Skizzen helfen mir, genauer zu beobachten. Sie sind eine Konzentrationshilfe und Erinnerungskapseln.<\/p>\n\n\n\n<figure class=\"wp-block-image size-large\"><img loading=\"lazy\" decoding=\"async\" width=\"1024\" height=\"544\" src=\"https:\/\/blog-kathrinseverin.ch\/wp-content\/uploads\/2026\/04\/2026_Amalfi_4696_2000-1024x544.jpg\" alt=\"\" class=\"wp-image-1576\" srcset=\"https:\/\/blog-kathrinseverin.ch\/wp-content\/uploads\/2026\/04\/2026_Amalfi_4696_2000-1024x544.jpg 1024w, https:\/\/blog-kathrinseverin.ch\/wp-content\/uploads\/2026\/04\/2026_Amalfi_4696_2000-300x159.jpg 300w, https:\/\/blog-kathrinseverin.ch\/wp-content\/uploads\/2026\/04\/2026_Amalfi_4696_2000-768x408.jpg 768w, https:\/\/blog-kathrinseverin.ch\/wp-content\/uploads\/2026\/04\/2026_Amalfi_4696_2000-1536x816.jpg 1536w, https:\/\/blog-kathrinseverin.ch\/wp-content\/uploads\/2026\/04\/2026_Amalfi_4696_2000.jpg 2000w\" sizes=\"auto, (max-width: 767px) 89vw, (max-width: 1000px) 54vw, (max-width: 1071px) 543px, 580px\" \/><\/figure>\n\n\n\n<figure class=\"wp-block-image size-large\"><img loading=\"lazy\" decoding=\"async\" width=\"1024\" height=\"891\" src=\"https:\/\/blog-kathrinseverin.ch\/wp-content\/uploads\/2026\/04\/2026_amalfi_2000_4693-1024x891.jpg\" alt=\"\" class=\"wp-image-1577\" srcset=\"https:\/\/blog-kathrinseverin.ch\/wp-content\/uploads\/2026\/04\/2026_amalfi_2000_4693-1024x891.jpg 1024w, https:\/\/blog-kathrinseverin.ch\/wp-content\/uploads\/2026\/04\/2026_amalfi_2000_4693-300x261.jpg 300w, https:\/\/blog-kathrinseverin.ch\/wp-content\/uploads\/2026\/04\/2026_amalfi_2000_4693-768x668.jpg 768w, https:\/\/blog-kathrinseverin.ch\/wp-content\/uploads\/2026\/04\/2026_amalfi_2000_4693-1536x1336.jpg 1536w, https:\/\/blog-kathrinseverin.ch\/wp-content\/uploads\/2026\/04\/2026_amalfi_2000_4693.jpg 2001w\" sizes=\"auto, (max-width: 767px) 89vw, (max-width: 1000px) 54vw, (max-width: 1071px) 543px, 580px\" \/><\/figure>\n\n\n\n<p><strong>Einladung zur Einzelausstellung<\/strong><br>Nun freue ich mich wieder hier zu sein, denn bald startet meine Einzelausstellung in der Galerie im H\u00f6chhuus in K\u00fcsnacht. Die Kuratorin Tiziana Carraro hat eine spannende Ausstellung zusammengestellt, sie wird an der Vernissage auch in die Ausstellung einf\u00fchren. Ich freue mich auf alle Besucher und heisse sie herzlich willkommen zur Vernissage und zu den diversen Veranstaltungen.<br><br><\/p>\n\n\n\n<figure class=\"wp-block-gallery has-nested-images columns-default is-cropped wp-block-gallery-1 is-layout-flex wp-block-gallery-is-layout-flex\">\n<figure class=\"wp-block-image size-large\"><img loading=\"lazy\" decoding=\"async\" width=\"749\" height=\"1024\" data-id=\"1571\" src=\"https:\/\/blog-kathrinseverin.ch\/wp-content\/uploads\/2026\/04\/a260210_KS-Hoechhuus_Einladung_Flyer-Kopie-1-749x1024.jpg\" alt=\"\" class=\"wp-image-1571\" srcset=\"https:\/\/blog-kathrinseverin.ch\/wp-content\/uploads\/2026\/04\/a260210_KS-Hoechhuus_Einladung_Flyer-Kopie-1-749x1024.jpg 749w, https:\/\/blog-kathrinseverin.ch\/wp-content\/uploads\/2026\/04\/a260210_KS-Hoechhuus_Einladung_Flyer-Kopie-1-220x300.jpg 220w, https:\/\/blog-kathrinseverin.ch\/wp-content\/uploads\/2026\/04\/a260210_KS-Hoechhuus_Einladung_Flyer-Kopie-1-768x1050.jpg 768w, https:\/\/blog-kathrinseverin.ch\/wp-content\/uploads\/2026\/04\/a260210_KS-Hoechhuus_Einladung_Flyer-Kopie-1-1124x1536.jpg 1124w, https:\/\/blog-kathrinseverin.ch\/wp-content\/uploads\/2026\/04\/a260210_KS-Hoechhuus_Einladung_Flyer-Kopie-1.jpg 1268w\" sizes=\"auto, (max-width: 706px) 89vw, (max-width: 767px) 82vw, 740px\" \/><\/figure>\n<\/figure>\n\n\n\n<figure class=\"wp-block-image size-large is-resized\"><img loading=\"lazy\" decoding=\"async\" width=\"626\" height=\"890\" src=\"https:\/\/blog-kathrinseverin.ch\/wp-content\/uploads\/2026\/04\/Bildschirmfoto-2026-04-04-um-19.48.38.jpg\" alt=\"\" class=\"wp-image-1566\" style=\"width:626px;height:auto\" srcset=\"https:\/\/blog-kathrinseverin.ch\/wp-content\/uploads\/2026\/04\/Bildschirmfoto-2026-04-04-um-19.48.38.jpg 626w, https:\/\/blog-kathrinseverin.ch\/wp-content\/uploads\/2026\/04\/Bildschirmfoto-2026-04-04-um-19.48.38-211x300.jpg 211w\" sizes=\"auto, (max-width: 626px) 100vw, 626px\" \/><\/figure>\n\n\n\n<p><br><strong>Eine Juniwoche in den Bergen<\/strong><br>Sich von der Natur inspirieren lassen, sich verzaubern lassen von Arvengeruch, Enzianblau und Alpenrosenrot  und daraus ganz eigene Bilder entstehen lassen. Wer kommt noch mit ins Val Roseg? In beiden Wochen 12. bis 19. Juni und vom 21. bis 27. Juni 2026 sind noch wenige Pl\u00e4tze frei.  Alle Informationen zu den Malwochen und viele Fotos gibt es <a href=\"https:\/\/blog-kathrinseverin.ch\/index.php\/val-roseg-2-4\/\" data-type=\"page\" data-id=\"334\">h<strong>ier<\/strong><\/a> auf dieser Seite &#8211;  \u00fcber <a href=\"mailto:ks@kathrinseverin.ch\">ks@kathrinseverin.ch<\/a> kann man sich anmelden.<\/p>\n\n\n\n<figure class=\"wp-block-image size-large\"><img loading=\"lazy\" decoding=\"async\" width=\"1024\" height=\"576\" src=\"https:\/\/blog-kathrinseverin.ch\/wp-content\/uploads\/2026\/04\/IMG_7678_2000-1024x576.jpg\" alt=\"\" class=\"wp-image-1572\" srcset=\"https:\/\/blog-kathrinseverin.ch\/wp-content\/uploads\/2026\/04\/IMG_7678_2000-1024x576.jpg 1024w, https:\/\/blog-kathrinseverin.ch\/wp-content\/uploads\/2026\/04\/IMG_7678_2000-300x169.jpg 300w, https:\/\/blog-kathrinseverin.ch\/wp-content\/uploads\/2026\/04\/IMG_7678_2000-768x432.jpg 768w, https:\/\/blog-kathrinseverin.ch\/wp-content\/uploads\/2026\/04\/IMG_7678_2000-1536x864.jpg 1536w, https:\/\/blog-kathrinseverin.ch\/wp-content\/uploads\/2026\/04\/IMG_7678_2000.jpg 2000w\" sizes=\"auto, (max-width: 767px) 89vw, (max-width: 1000px) 54vw, (max-width: 1071px) 543px, 580px\" \/><\/figure>\n\n\n\n<figure class=\"wp-block-image size-large\"><img loading=\"lazy\" decoding=\"async\" width=\"1024\" height=\"768\" src=\"https:\/\/blog-kathrinseverin.ch\/wp-content\/uploads\/2025\/04\/2025_ValRoseg_2000_AF2B0F-1024x768.jpg\" alt=\"\" class=\"wp-image-1441\" srcset=\"https:\/\/blog-kathrinseverin.ch\/wp-content\/uploads\/2025\/04\/2025_ValRoseg_2000_AF2B0F-1024x768.jpg 1024w, https:\/\/blog-kathrinseverin.ch\/wp-content\/uploads\/2025\/04\/2025_ValRoseg_2000_AF2B0F-300x225.jpg 300w, https:\/\/blog-kathrinseverin.ch\/wp-content\/uploads\/2025\/04\/2025_ValRoseg_2000_AF2B0F-768x576.jpg 768w, https:\/\/blog-kathrinseverin.ch\/wp-content\/uploads\/2025\/04\/2025_ValRoseg_2000_AF2B0F-1536x1152.jpg 1536w, https:\/\/blog-kathrinseverin.ch\/wp-content\/uploads\/2025\/04\/2025_ValRoseg_2000_AF2B0F.jpg 2000w\" sizes=\"auto, (max-width: 767px) 89vw, (max-width: 1000px) 54vw, (max-width: 1071px) 543px, 580px\" \/><\/figure>\n\n\n\n<figure class=\"wp-block-image size-large\"><img loading=\"lazy\" decoding=\"async\" width=\"1024\" height=\"576\" src=\"https:\/\/blog-kathrinseverin.ch\/wp-content\/uploads\/2020\/11\/2020_Blognov1-1024x576.jpg\" alt=\"\" class=\"wp-image-254\" srcset=\"https:\/\/blog-kathrinseverin.ch\/wp-content\/uploads\/2020\/11\/2020_Blognov1-1024x576.jpg 1024w, https:\/\/blog-kathrinseverin.ch\/wp-content\/uploads\/2020\/11\/2020_Blognov1-300x169.jpg 300w, https:\/\/blog-kathrinseverin.ch\/wp-content\/uploads\/2020\/11\/2020_Blognov1-768x432.jpg 768w, https:\/\/blog-kathrinseverin.ch\/wp-content\/uploads\/2020\/11\/2020_Blognov1-1536x864.jpg 1536w, https:\/\/blog-kathrinseverin.ch\/wp-content\/uploads\/2020\/11\/2020_Blognov1.jpg 2000w\" sizes=\"auto, (max-width: 767px) 89vw, (max-width: 1000px) 54vw, (max-width: 1071px) 543px, 580px\" \/><\/figure>\n\n\n\n<figure class=\"wp-block-image size-large\"><img loading=\"lazy\" decoding=\"async\" width=\"1024\" height=\"839\" src=\"https:\/\/blog-kathrinseverin.ch\/wp-content\/uploads\/2023\/07\/2023_Valroseg_2000_landschaft_9320-1024x839.jpg\" alt=\"\" class=\"wp-image-1104\" srcset=\"https:\/\/blog-kathrinseverin.ch\/wp-content\/uploads\/2023\/07\/2023_Valroseg_2000_landschaft_9320-1024x839.jpg 1024w, https:\/\/blog-kathrinseverin.ch\/wp-content\/uploads\/2023\/07\/2023_Valroseg_2000_landschaft_9320-300x246.jpg 300w, https:\/\/blog-kathrinseverin.ch\/wp-content\/uploads\/2023\/07\/2023_Valroseg_2000_landschaft_9320-768x629.jpg 768w, https:\/\/blog-kathrinseverin.ch\/wp-content\/uploads\/2023\/07\/2023_Valroseg_2000_landschaft_9320-1536x1259.jpg 1536w, https:\/\/blog-kathrinseverin.ch\/wp-content\/uploads\/2023\/07\/2023_Valroseg_2000_landschaft_9320.jpg 2000w\" sizes=\"auto, (max-width: 767px) 89vw, (max-width: 1000px) 54vw, (max-width: 1071px) 543px, 580px\" \/><\/figure>\n\n\n\n<p><br>Ich freue mich auf ein Wiedersehen in meiner Ausstellung in K\u00fcsnacht und sp\u00e4ter vielleicht im Val Roseg!<br>Liebe Gr\u00fcsse, bis d\u00e4nn<br>Kathrin Severin<br><\/p>\n","protected":false},"excerpt":{"rendered":"<p>Nachts, wenn das Arch\u00e4ologische Museum in Neapel geschlossen ist, hoppelt dieser kleine Hase durch die R\u00e4ume. Bereits vor 2085 Jahren, lange vor Ostern, mochten die Bewohner von Pompeji offenbar die kleinen Langohren. ItalienIch bin seit einigen Tagen aus dem S\u00fcden zur\u00fcck. Es war eine Entdeckungsreise, die mich zuerst durch die Basilikata und sp\u00e4ter durch Latium &hellip; <\/p>\n<p class=\"link-more\"><a href=\"https:\/\/blog-kathrinseverin.ch\/index.php\/2026\/04\/06\/skizzenrueckblick-2025-2-2\/\" class=\"more-link\"><span class=\"screen-reader-text\">&#171;H\u00e4sli&#187;<\/span> weiterlesen<\/a><\/p>\n","protected":false},"author":1,"featured_media":0,"comment_status":"open","ping_status":"","sticky":false,"template":"","format":"standard","meta":{"footnotes":""},"categories":[1],"tags":[14,2,5,3,6,17,24,8,4],"class_list":["post-1565","post","type-post","status-publish","format-standard","hentry","category-allgemein","tag-ausstellung","tag-kathrin-severin","tag-kunst","tag-malen","tag-malferien","tag-reisen","tag-vernissage","tag-winterthur","tag-zeichnen"],"_links":{"self":[{"href":"https:\/\/blog-kathrinseverin.ch\/index.php\/wp-json\/wp\/v2\/posts\/1565","targetHints":{"allow":["GET"]}}],"collection":[{"href":"https:\/\/blog-kathrinseverin.ch\/index.php\/wp-json\/wp\/v2\/posts"}],"about":[{"href":"https:\/\/blog-kathrinseverin.ch\/index.php\/wp-json\/wp\/v2\/types\/post"}],"author":[{"embeddable":true,"href":"https:\/\/blog-kathrinseverin.ch\/index.php\/wp-json\/wp\/v2\/users\/1"}],"replies":[{"embeddable":true,"href":"https:\/\/blog-kathrinseverin.ch\/index.php\/wp-json\/wp\/v2\/comments?post=1565"}],"version-history":[{"count":6,"href":"https:\/\/blog-kathrinseverin.ch\/index.php\/wp-json\/wp\/v2\/posts\/1565\/revisions"}],"predecessor-version":[{"id":1579,"href":"https:\/\/blog-kathrinseverin.ch\/index.php\/wp-json\/wp\/v2\/posts\/1565\/revisions\/1579"}],"wp:attachment":[{"href":"https:\/\/blog-kathrinseverin.ch\/index.php\/wp-json\/wp\/v2\/media?parent=1565"}],"wp:term":[{"taxonomy":"category","embeddable":true,"href":"https:\/\/blog-kathrinseverin.ch\/index.php\/wp-json\/wp\/v2\/categories?post=1565"},{"taxonomy":"post_tag","embeddable":true,"href":"https:\/\/blog-kathrinseverin.ch\/index.php\/wp-json\/wp\/v2\/tags?post=1565"}],"curies":[{"name":"wp","href":"https:\/\/api.w.org\/{rel}","templated":true}]}}