{"id":174,"date":"2020-08-21T10:47:46","date_gmt":"2020-08-21T10:47:46","guid":{"rendered":"https:\/\/blog-kathrinseverin.ch\/?p=174"},"modified":"2020-08-21T10:47:46","modified_gmt":"2020-08-21T10:47:46","slug":"ganz-vill-neus","status":"publish","type":"post","link":"https:\/\/blog-kathrinseverin.ch\/index.php\/2020\/08\/21\/ganz-vill-neus\/","title":{"rendered":"Ganz vill Neus!"},"content":{"rendered":"\n<p>Bald sind die Sommerseminare nur noch sch\u00f6ne Erinnerungen, schade. Es war spannend, erfrischend, wunderbar, etwas anstrengend, inspirierend, schlicht und einfach schlicht sehr sehr  sch\u00f6n!  Meine Seminarteilnehmer sind einfach super! Genauso einmalig wie die Menschen, die da zusammen kommen sind auch die Werke welche entstehen. Manche sind spontan, lebendig und vielsagend, andere ausgewogen, zur\u00fcckhaltend und still: die Mischung machts und alles passt schlussendlich immer wunderbar zusammen. In dieser offenen, inspirierenden Atmosph\u00e4re kann gut gearbeitet werden. Nat\u00fcrlich hoffe ich, dass die Seminare dazu animieren auch sp\u00e4ter,  allein oder in einer Gruppe, weiter zu zeichnen und zu malen.<\/p>\n\n\n\n<figure class=\"wp-block-image size-large\"><img loading=\"lazy\" decoding=\"async\" width=\"1024\" height=\"576\" src=\"https:\/\/blog-kathrinseverin.ch\/wp-content\/uploads\/2020\/08\/2020_5_Elisabethmartina_2000-1024x576.jpg\" alt=\"\" class=\"wp-image-177\" srcset=\"https:\/\/blog-kathrinseverin.ch\/wp-content\/uploads\/2020\/08\/2020_5_Elisabethmartina_2000-1024x576.jpg 1024w, https:\/\/blog-kathrinseverin.ch\/wp-content\/uploads\/2020\/08\/2020_5_Elisabethmartina_2000-300x169.jpg 300w, https:\/\/blog-kathrinseverin.ch\/wp-content\/uploads\/2020\/08\/2020_5_Elisabethmartina_2000-768x432.jpg 768w, https:\/\/blog-kathrinseverin.ch\/wp-content\/uploads\/2020\/08\/2020_5_Elisabethmartina_2000-1536x864.jpg 1536w, https:\/\/blog-kathrinseverin.ch\/wp-content\/uploads\/2020\/08\/2020_5_Elisabethmartina_2000.jpg 1912w\" sizes=\"auto, (max-width: 767px) 89vw, (max-width: 1000px) 54vw, (max-width: 1071px) 543px, 580px\" \/><\/figure>\n\n\n\n<p>Nun will ich aber ganz sch\u00f6n der Reihe nach von meinen n\u00e4chsten Aktivit\u00e4ten erz\u00e4hlen. <\/p>\n\n\n\n<p class=\"has-medium-font-size\">Seminare und Reisen:<\/p>\n\n\n\n<p>Am <strong>22. August<\/strong> &#8211; als morn &#8211; w\u00e4ren im Seminar 5 noch zwei Pl\u00e4tze frei. Skizzieren in der Stadt ist das Thema &#8211; Samstags sind wir unterwegs in Winterthur und anschliessend dann drei Tage in Z\u00fcrich. Dieses Seminar k\u00f6nnte auch tageweise besucht werden. <\/p>\n\n\n\n<p>Anmelden zu den Seminaren oder Reisen geht am einfachsten \u00fcber <strong>kathrinseverin.ch<\/strong>. Dort finden sich auch noch mehr Infos. Und na meh Bildli.<\/p>\n\n\n\n<figure class=\"wp-block-image size-large\"><img loading=\"lazy\" decoding=\"async\" width=\"1024\" height=\"575\" src=\"https:\/\/blog-kathrinseverin.ch\/wp-content\/uploads\/2020\/08\/2020_5_Zu\u0308ri_2000-1024x575.jpg\" alt=\"\" class=\"wp-image-178\" srcset=\"https:\/\/blog-kathrinseverin.ch\/wp-content\/uploads\/2020\/08\/2020_5_Zu\u0308ri_2000-1024x575.jpg 1024w, https:\/\/blog-kathrinseverin.ch\/wp-content\/uploads\/2020\/08\/2020_5_Zu\u0308ri_2000-300x169.jpg 300w, https:\/\/blog-kathrinseverin.ch\/wp-content\/uploads\/2020\/08\/2020_5_Zu\u0308ri_2000-768x432.jpg 768w, https:\/\/blog-kathrinseverin.ch\/wp-content\/uploads\/2020\/08\/2020_5_Zu\u0308ri_2000-1536x863.jpg 1536w, https:\/\/blog-kathrinseverin.ch\/wp-content\/uploads\/2020\/08\/2020_5_Zu\u0308ri_2000.jpg 2000w\" sizes=\"auto, (max-width: 767px) 89vw, (max-width: 1000px) 54vw, (max-width: 1071px) 543px, 580px\" \/><\/figure>\n\n\n\n<p>Am <strong>29. August<\/strong> treffe ich mich mit einer Malgruppe in Soglio,  in einem der sch\u00f6nsten D\u00f6rfer  der Schweiz  werden wir eine wunderbare Woche malen und zeichnen. Eventuell gibts noch einen freien  Platz, ich m\u00fcsste aber zuerst im Hotel anfragen.<\/p>\n\n\n\n<figure class=\"wp-block-image size-large\"><img loading=\"lazy\" decoding=\"async\" width=\"1024\" height=\"639\" src=\"https:\/\/blog-kathrinseverin.ch\/wp-content\/uploads\/2020\/08\/2020_Blog_Soglio_5_1135-1024x639.jpg\" alt=\"\" class=\"wp-image-185\" srcset=\"https:\/\/blog-kathrinseverin.ch\/wp-content\/uploads\/2020\/08\/2020_Blog_Soglio_5_1135-1024x639.jpg 1024w, https:\/\/blog-kathrinseverin.ch\/wp-content\/uploads\/2020\/08\/2020_Blog_Soglio_5_1135-300x187.jpg 300w, https:\/\/blog-kathrinseverin.ch\/wp-content\/uploads\/2020\/08\/2020_Blog_Soglio_5_1135-768x479.jpg 768w, https:\/\/blog-kathrinseverin.ch\/wp-content\/uploads\/2020\/08\/2020_Blog_Soglio_5_1135.jpg 1135w\" sizes=\"auto, (max-width: 767px) 89vw, (max-width: 1000px) 54vw, (max-width: 1071px) 543px, 580px\" \/><\/figure>\n\n\n\n<p>Am <strong>19. September<\/strong> beginnt die Traumwoche im Tessin, Ausgangspunkt f\u00fcr diese malerische Woche ist Lugano. Da k\u00f6nnt man sich noch anmelden&#8230;<\/p>\n\n\n\n<figure class=\"wp-block-image size-large\"><img loading=\"lazy\" decoding=\"async\" width=\"1024\" height=\"576\" src=\"https:\/\/blog-kathrinseverin.ch\/wp-content\/uploads\/2020\/08\/2020_Tessin_Blog_2000-1024x576.jpg\" alt=\"\" class=\"wp-image-182\" srcset=\"https:\/\/blog-kathrinseverin.ch\/wp-content\/uploads\/2020\/08\/2020_Tessin_Blog_2000-1024x576.jpg 1024w, https:\/\/blog-kathrinseverin.ch\/wp-content\/uploads\/2020\/08\/2020_Tessin_Blog_2000-300x169.jpg 300w, https:\/\/blog-kathrinseverin.ch\/wp-content\/uploads\/2020\/08\/2020_Tessin_Blog_2000-768x432.jpg 768w, https:\/\/blog-kathrinseverin.ch\/wp-content\/uploads\/2020\/08\/2020_Tessin_Blog_2000-1536x864.jpg 1536w, https:\/\/blog-kathrinseverin.ch\/wp-content\/uploads\/2020\/08\/2020_Tessin_Blog_2000.jpg 2000w\" sizes=\"auto, (max-width: 767px) 89vw, (max-width: 1000px) 54vw, (max-width: 1071px) 543px, 580px\" \/><\/figure>\n\n\n\n<p>Und am <strong>4. Oktober<\/strong> startet schliesslich das erste Herbstseminar, die Nummer 11. Da lassen wir uns von der Natur inspirieren und arbeiten mit Collagen und in Mischtechniken. Auch hier sind noch Pl\u00e4tze frei. Genau wie im letzten Seminar dieses Jahres, in Nummer 12. Ab dem <strong>10. Oktober <\/strong>Spielen wir mit Techniken &#8211; ohne Stift und Pinsel.<\/p>\n\n\n\n<figure class=\"wp-block-image size-large\"><img loading=\"lazy\" decoding=\"async\" width=\"1024\" height=\"576\" src=\"https:\/\/blog-kathrinseverin.ch\/wp-content\/uploads\/2020\/08\/2020_blog_12_1_2000-1024x576.jpg\" alt=\"\" class=\"wp-image-183\" srcset=\"https:\/\/blog-kathrinseverin.ch\/wp-content\/uploads\/2020\/08\/2020_blog_12_1_2000-1024x576.jpg 1024w, https:\/\/blog-kathrinseverin.ch\/wp-content\/uploads\/2020\/08\/2020_blog_12_1_2000-300x169.jpg 300w, https:\/\/blog-kathrinseverin.ch\/wp-content\/uploads\/2020\/08\/2020_blog_12_1_2000-768x432.jpg 768w, https:\/\/blog-kathrinseverin.ch\/wp-content\/uploads\/2020\/08\/2020_blog_12_1_2000-1536x864.jpg 1536w, https:\/\/blog-kathrinseverin.ch\/wp-content\/uploads\/2020\/08\/2020_blog_12_1_2000.jpg 1932w\" sizes=\"auto, (max-width: 767px) 89vw, (max-width: 1000px) 54vw, (max-width: 1071px) 543px, 580px\" \/><\/figure>\n\n\n\n<p>Die neuen Seminare und Reisen f\u00fcrs 2021 werde ich baldm\u00f6glichst auf meiner Internetseite und in diesem Blog publizieren. Momentan versuche ich meine (allzu-)vielen Ideen erstmal zu ordnen &#8211; alles ist noch ganz provisorisch.<\/p>\n\n\n\n<p class=\"has-medium-font-size\">Kunst<\/p>\n\n\n\n<figure class=\"wp-block-image size-large\"><img loading=\"lazy\" decoding=\"async\" width=\"1024\" height=\"576\" src=\"https:\/\/blog-kathrinseverin.ch\/wp-content\/uploads\/2020\/08\/2020_Weiertal_2_1666-1024x576.jpg\" alt=\"\" class=\"wp-image-179\" srcset=\"https:\/\/blog-kathrinseverin.ch\/wp-content\/uploads\/2020\/08\/2020_Weiertal_2_1666-1024x576.jpg 1024w, https:\/\/blog-kathrinseverin.ch\/wp-content\/uploads\/2020\/08\/2020_Weiertal_2_1666-300x169.jpg 300w, https:\/\/blog-kathrinseverin.ch\/wp-content\/uploads\/2020\/08\/2020_Weiertal_2_1666-768x432.jpg 768w, https:\/\/blog-kathrinseverin.ch\/wp-content\/uploads\/2020\/08\/2020_Weiertal_2_1666-1536x864.jpg 1536w, https:\/\/blog-kathrinseverin.ch\/wp-content\/uploads\/2020\/08\/2020_Weiertal_2_1666.jpg 1666w\" sizes=\"auto, (max-width: 767px) 89vw, (max-width: 1000px) 54vw, (max-width: 1071px) 543px, 580px\" \/><\/figure>\n\n\n\n<p>Am Sonntag, <strong>6. September<\/strong> bin ich ab 13 Uhr mit dabei im Kulturort Weiertal bei einer F\u00fchrung. (www.galerieweiertal.ch) Das w\u00e4re eine gute und vielleicht die allerletzte M\u00f6glichkeit, die Ausstellung im wundersch\u00f6nen Park zu besuchen und mein Werk FarbFernSehen zu bestaunen. <br><br>Am Sonntag, <strong>13. September<\/strong> ist dann Finissage im Kulturort Weiertal.<\/p>\n\n\n\n<figure class=\"wp-block-image size-large\"><img loading=\"lazy\" decoding=\"async\" width=\"1024\" height=\"576\" src=\"https:\/\/blog-kathrinseverin.ch\/wp-content\/uploads\/2020\/08\/2020_blog_Bindungen_2000-1024x576.jpg\" alt=\"\" class=\"wp-image-180\" srcset=\"https:\/\/blog-kathrinseverin.ch\/wp-content\/uploads\/2020\/08\/2020_blog_Bindungen_2000-1024x576.jpg 1024w, https:\/\/blog-kathrinseverin.ch\/wp-content\/uploads\/2020\/08\/2020_blog_Bindungen_2000-300x169.jpg 300w, https:\/\/blog-kathrinseverin.ch\/wp-content\/uploads\/2020\/08\/2020_blog_Bindungen_2000-768x432.jpg 768w, https:\/\/blog-kathrinseverin.ch\/wp-content\/uploads\/2020\/08\/2020_blog_Bindungen_2000-1536x864.jpg 1536w, https:\/\/blog-kathrinseverin.ch\/wp-content\/uploads\/2020\/08\/2020_blog_Bindungen_2000.jpg 2001w\" sizes=\"auto, (max-width: 767px) 89vw, (max-width: 1000px) 54vw, (max-width: 1071px) 543px, 580px\" \/><\/figure>\n\n\n\n<p>Am Samstag <strong>17. Oktober<\/strong> sind alle herzlich eingeladen zur Vernissage in der Lokremise Wil. &#171;Kunst lockt&#187; ist der Ausstellungstitel. Ich zeige Zeichnungen meiner Serie Netzwerke und Bindungen. (www.kunstlockt.ch)<\/p>\n\n\n\n<p class=\"has-medium-font-size\">Also, jetzt wo alle Daten auf dem Tisch liegen :<br>Agenda z\u00fccken und eintragen!<\/p>\n\n\n\n<p>Herzliche Gr\u00fcsse, uf widerluege!<br>Kathrin Severin<\/p>\n\n\n\n<p><br><br><\/p>\n","protected":false},"excerpt":{"rendered":"<p>Bald sind die Sommerseminare nur noch sch\u00f6ne Erinnerungen, schade. Es war spannend, erfrischend, wunderbar, etwas anstrengend, inspirierend, schlicht und einfach schlicht sehr sehr sch\u00f6n! Meine Seminarteilnehmer sind einfach super! Genauso einmalig wie die Menschen, die da zusammen kommen sind auch die Werke welche entstehen. Manche sind spontan, lebendig und vielsagend, andere ausgewogen, zur\u00fcckhaltend und still: &hellip; <\/p>\n<p class=\"link-more\"><a href=\"https:\/\/blog-kathrinseverin.ch\/index.php\/2020\/08\/21\/ganz-vill-neus\/\" class=\"more-link\"><span class=\"screen-reader-text\">&#171;Ganz vill Neus!&#187;<\/span> weiterlesen<\/a><\/p>\n","protected":false},"author":1,"featured_media":0,"comment_status":"open","ping_status":"open","sticky":false,"template":"","format":"standard","meta":{"footnotes":""},"categories":[1],"tags":[],"class_list":["post-174","post","type-post","status-publish","format-standard","hentry","category-allgemein"],"_links":{"self":[{"href":"https:\/\/blog-kathrinseverin.ch\/index.php\/wp-json\/wp\/v2\/posts\/174","targetHints":{"allow":["GET"]}}],"collection":[{"href":"https:\/\/blog-kathrinseverin.ch\/index.php\/wp-json\/wp\/v2\/posts"}],"about":[{"href":"https:\/\/blog-kathrinseverin.ch\/index.php\/wp-json\/wp\/v2\/types\/post"}],"author":[{"embeddable":true,"href":"https:\/\/blog-kathrinseverin.ch\/index.php\/wp-json\/wp\/v2\/users\/1"}],"replies":[{"embeddable":true,"href":"https:\/\/blog-kathrinseverin.ch\/index.php\/wp-json\/wp\/v2\/comments?post=174"}],"version-history":[{"count":4,"href":"https:\/\/blog-kathrinseverin.ch\/index.php\/wp-json\/wp\/v2\/posts\/174\/revisions"}],"predecessor-version":[{"id":186,"href":"https:\/\/blog-kathrinseverin.ch\/index.php\/wp-json\/wp\/v2\/posts\/174\/revisions\/186"}],"wp:attachment":[{"href":"https:\/\/blog-kathrinseverin.ch\/index.php\/wp-json\/wp\/v2\/media?parent=174"}],"wp:term":[{"taxonomy":"category","embeddable":true,"href":"https:\/\/blog-kathrinseverin.ch\/index.php\/wp-json\/wp\/v2\/categories?post=174"},{"taxonomy":"post_tag","embeddable":true,"href":"https:\/\/blog-kathrinseverin.ch\/index.php\/wp-json\/wp\/v2\/tags?post=174"}],"curies":[{"name":"wp","href":"https:\/\/api.w.org\/{rel}","templated":true}]}}