{"id":250,"date":"2020-11-14T14:11:25","date_gmt":"2020-11-14T14:11:25","guid":{"rendered":"https:\/\/blog-kathrinseverin.ch\/?p=250"},"modified":"2021-03-10T13:05:46","modified_gmt":"2021-03-10T13:05:46","slug":"spontanes","status":"publish","type":"post","link":"https:\/\/blog-kathrinseverin.ch\/index.php\/2020\/11\/14\/spontanes\/","title":{"rendered":"Spontanes&#8230;"},"content":{"rendered":"\n<p>Ich hatte  versprochen, all meinen fantastischen Mal- und Zeichnungseleven aufzuzeigen, wie es n\u00e4chstes Jahr weitergehen kann mit den Seminaren und Reisen.<br>Soviel ist schon mal klar: Wir lernen alle spontan zu sein und wir werden kurzfristig auf die jeweilige Situation reagieren m\u00fcssen. Denn so wie es heute aussieht, kann ich f\u00fcr  2021 nur Mutmassungen anstellen und ganz provisorische Absichtserkl\u00e4rungen ver\u00f6ffentlichen. <\/p>\n\n\n\n<figure class=\"wp-block-image size-large\"><img loading=\"lazy\" decoding=\"async\" width=\"1024\" height=\"576\" src=\"https:\/\/blog-kathrinseverin.ch\/wp-content\/uploads\/2020\/11\/2020_Blognov1-1024x576.jpg\" alt=\"\" class=\"wp-image-254\" srcset=\"https:\/\/blog-kathrinseverin.ch\/wp-content\/uploads\/2020\/11\/2020_Blognov1-1024x576.jpg 1024w, https:\/\/blog-kathrinseverin.ch\/wp-content\/uploads\/2020\/11\/2020_Blognov1-300x169.jpg 300w, https:\/\/blog-kathrinseverin.ch\/wp-content\/uploads\/2020\/11\/2020_Blognov1-768x432.jpg 768w, https:\/\/blog-kathrinseverin.ch\/wp-content\/uploads\/2020\/11\/2020_Blognov1-1536x864.jpg 1536w, https:\/\/blog-kathrinseverin.ch\/wp-content\/uploads\/2020\/11\/2020_Blognov1.jpg 2000w\" sizes=\"auto, (max-width: 767px) 89vw, (max-width: 1000px) 54vw, (max-width: 1071px) 543px, 580px\" \/><\/figure>\n\n\n\n<p>So  werde ich kurzfristig Seminare  anbieten, jeweils  etwa 2 &#8211; 3 Wochen vor der Durchf\u00fchrung, zum Beispiel:  &#171;Vom &#8230; bis am &#8230; skizziere ich in der Stadt. Wer kommt mit? Anmeldung bis per mail oder  per sms an&#8230;.. &#171;<\/p>\n\n\n\n<figure class=\"wp-block-image size-large\"><img loading=\"lazy\" decoding=\"async\" width=\"1024\" height=\"576\" src=\"https:\/\/blog-kathrinseverin.ch\/wp-content\/uploads\/2020\/11\/2020_blognov_5-1024x576.jpg\" alt=\"\" class=\"wp-image-255\" srcset=\"https:\/\/blog-kathrinseverin.ch\/wp-content\/uploads\/2020\/11\/2020_blognov_5-1024x576.jpg 1024w, https:\/\/blog-kathrinseverin.ch\/wp-content\/uploads\/2020\/11\/2020_blognov_5-300x169.jpg 300w, https:\/\/blog-kathrinseverin.ch\/wp-content\/uploads\/2020\/11\/2020_blognov_5-768x432.jpg 768w, https:\/\/blog-kathrinseverin.ch\/wp-content\/uploads\/2020\/11\/2020_blognov_5-1536x864.jpg 1536w, https:\/\/blog-kathrinseverin.ch\/wp-content\/uploads\/2020\/11\/2020_blognov_5.jpg 2000w\" sizes=\"auto, (max-width: 767px) 89vw, (max-width: 1000px) 54vw, (max-width: 1071px) 543px, 580px\" \/><\/figure>\n\n\n\n<figure class=\"wp-block-image size-large is-style-default\"><img loading=\"lazy\" decoding=\"async\" width=\"1024\" height=\"576\" src=\"https:\/\/blog-kathrinseverin.ch\/wp-content\/uploads\/2020\/11\/2020_blognov_3-1024x576.jpg\" alt=\"\" class=\"wp-image-256\" srcset=\"https:\/\/blog-kathrinseverin.ch\/wp-content\/uploads\/2020\/11\/2020_blognov_3-1024x576.jpg 1024w, https:\/\/blog-kathrinseverin.ch\/wp-content\/uploads\/2020\/11\/2020_blognov_3-300x169.jpg 300w, https:\/\/blog-kathrinseverin.ch\/wp-content\/uploads\/2020\/11\/2020_blognov_3-768x432.jpg 768w, https:\/\/blog-kathrinseverin.ch\/wp-content\/uploads\/2020\/11\/2020_blognov_3-1536x864.jpg 1536w, https:\/\/blog-kathrinseverin.ch\/wp-content\/uploads\/2020\/11\/2020_blognov_3.jpg 2000w\" sizes=\"auto, (max-width: 767px) 89vw, (max-width: 1000px) 54vw, (max-width: 1071px) 543px, 580px\" \/><\/figure>\n\n\n\n<figure class=\"wp-block-image size-large is-style-default\"><img loading=\"lazy\" decoding=\"async\" width=\"1024\" height=\"576\" src=\"https:\/\/blog-kathrinseverin.ch\/wp-content\/uploads\/2020\/11\/2020_blognov_6-1024x576.jpg\" alt=\"\" class=\"wp-image-257\" srcset=\"https:\/\/blog-kathrinseverin.ch\/wp-content\/uploads\/2020\/11\/2020_blognov_6-1024x576.jpg 1024w, https:\/\/blog-kathrinseverin.ch\/wp-content\/uploads\/2020\/11\/2020_blognov_6-300x169.jpg 300w, https:\/\/blog-kathrinseverin.ch\/wp-content\/uploads\/2020\/11\/2020_blognov_6-768x432.jpg 768w, https:\/\/blog-kathrinseverin.ch\/wp-content\/uploads\/2020\/11\/2020_blognov_6-1536x864.jpg 1536w, https:\/\/blog-kathrinseverin.ch\/wp-content\/uploads\/2020\/11\/2020_blognov_6.jpg 2000w\" sizes=\"auto, (max-width: 767px) 89vw, (max-width: 1000px) 54vw, (max-width: 1071px) 543px, 580px\" \/><\/figure>\n\n\n\n<p>Bei 6 angemeldeten Teilnehmern erfolgt dann baldm\u00f6glichst, sp\u00e4testens drei Tage vor der Durchf\u00fchrung, die Info \u00fcber den genauen Treffpunkt. Inbegriffen sind nat\u00fcrlich wie bisher an jeden Seminartag sechs Stunden Malen und Zeichnen mit Kathrin. Gleiches gilt auch f\u00fcr Seminare  im Atelier,  auch dort erfolgt die Ausschreibung und die definitive Zusage ziemlich kurzfristig. <br>Bei den Reisen wird es \u00e4hnlich sein &#8211; Absichtserkl\u00e4rungen, Vorreservationen &#8211; und die definitive Zusage erst zimmli kurz vor der Abreise. J\u00e4nu &#8211; besser als gar n\u00fct!<br>Ich denke anders ist da nichts zu machen&#8230;.<\/p>\n\n\n\n<p>Und wie ihr sicher bereits vermutet habt, wird  leider auch der traditionelle Januarap\u00e9ro ins Wasser fallen. Und ein gedrucktes Programm f\u00fcr 2021 wird es auch nicht geben. Aber alle aktuellen Informationen gibt es \u00fcber diesen Blog. Und zus\u00e4tzliche Infos und etwas l\u00e4ngerfristige Planungen &#8211; oder Absichtserkl\u00e4rungen &#8211; erscheinen auf meiner Webseite <a href=\"http:\/\/www.kathrinseverin.ch\">www.kathrinseverin.ch<\/a>.<\/p>\n\n\n\n<p class=\"has-medium-font-size\">Herzlich willkommen zur Atelier-Ausstellung<\/p>\n\n\n\n<p>Daf\u00fcr werde ich hie und da Ausstellungen in meinem Atelier organisieren. Die erste dieser Art findet vom 1. bis am 19. Dezember statt. Ich zeige Arbeiten aus meiner Serie &#171;Paris &#8211; Variations&#187;. Informationen dazu gibts unter der Rubrik Aktuell auf meiner Kunst-Webseite: <a href=\"http:\/\/www.kunst.kathrinseverin.ch\">www.kunst.kathrinseverin.ch<\/a>. <br>Um die Covid-19 Vorschriften einzuhalten ist die Ausstellung vom 1. &#8211; 19. Dezember t\u00e4glich von 14 bis 19 h ge\u00f6ffnet &#8211; aber nur auf Anmeldung \u00fcber ks@kathrinseverin.ch <\/p>\n\n\n\n<figure class=\"wp-block-image size-large\"><img loading=\"lazy\" decoding=\"async\" width=\"1024\" height=\"709\" src=\"https:\/\/blog-kathrinseverin.ch\/wp-content\/uploads\/2020\/11\/2020_Paris_oneshape2_2000-1024x709.jpg\" alt=\"\" class=\"wp-image-251\" srcset=\"https:\/\/blog-kathrinseverin.ch\/wp-content\/uploads\/2020\/11\/2020_Paris_oneshape2_2000-1024x709.jpg 1024w, https:\/\/blog-kathrinseverin.ch\/wp-content\/uploads\/2020\/11\/2020_Paris_oneshape2_2000-300x208.jpg 300w, https:\/\/blog-kathrinseverin.ch\/wp-content\/uploads\/2020\/11\/2020_Paris_oneshape2_2000-768x532.jpg 768w, https:\/\/blog-kathrinseverin.ch\/wp-content\/uploads\/2020\/11\/2020_Paris_oneshape2_2000-1536x1064.jpg 1536w, https:\/\/blog-kathrinseverin.ch\/wp-content\/uploads\/2020\/11\/2020_Paris_oneshape2_2000.jpg 2000w\" sizes=\"auto, (max-width: 767px) 89vw, (max-width: 1000px) 54vw, (max-width: 1071px) 543px, 580px\" \/><\/figure>\n\n\n\n<p>Weitere Ausstellungen im Atelier sind in Planung &#8211; ich denke da zum Beispiel an &#171;Reiseskizzen&#187; oder so \u00e4hnlich. (A propos &#8211; wer braucht Skizzenbuch-Nachschub? Ich hett na es paar in Reserve&#8230;)<\/p>\n\n\n\n<p class=\"has-medium-font-size\">Und susch<\/p>\n\n\n\n<p>&#8230; zeichne ich fleissig im Atelier, meine Paris-Variationen sind unendlich und lassen mir keine Ruhe. Dann bin ich daran Modelle zu bauen f\u00fcr die grosse Glas-Skulptur, welche n\u00e4chstes Jahr in Bad Ragaz gezeigt wird. Auch kleine Objekte aus Glas werde ich Bad Ragaz ausstellen &#8211; auch f\u00fcr diese sind verschiedene Modelle in Arbeit.<\/p>\n\n\n\n<figure class=\"wp-block-image size-large is-style-default\"><img loading=\"lazy\" decoding=\"async\" width=\"1024\" height=\"576\" src=\"https:\/\/blog-kathrinseverin.ch\/wp-content\/uploads\/2020\/11\/2020_blognov_7-1024x576.jpg\" alt=\"\" class=\"wp-image-266\" srcset=\"https:\/\/blog-kathrinseverin.ch\/wp-content\/uploads\/2020\/11\/2020_blognov_7-1024x576.jpg 1024w, https:\/\/blog-kathrinseverin.ch\/wp-content\/uploads\/2020\/11\/2020_blognov_7-300x169.jpg 300w, https:\/\/blog-kathrinseverin.ch\/wp-content\/uploads\/2020\/11\/2020_blognov_7-768x432.jpg 768w, https:\/\/blog-kathrinseverin.ch\/wp-content\/uploads\/2020\/11\/2020_blognov_7-1536x864.jpg 1536w, https:\/\/blog-kathrinseverin.ch\/wp-content\/uploads\/2020\/11\/2020_blognov_7.jpg 2000w\" sizes=\"auto, (max-width: 767px) 89vw, (max-width: 1000px) 54vw, (max-width: 1071px) 543px, 580px\" \/><\/figure>\n\n\n\n<p>Geniesst nun die farbigen Herbsttage. Ich werde f\u00fcr ein paar Tage ins Tessin verschwinden und zeige dann im n\u00e4chsten Blog ein paar Ticino-Skizzen.<br><br>Lueged eu gut!<br>Herzliche Gr\u00fcsse<br>Kathrin Severin<\/p>\n\n\n\n<p><\/p>\n","protected":false},"excerpt":{"rendered":"<p>Ich hatte versprochen, all meinen fantastischen Mal- und Zeichnungseleven aufzuzeigen, wie es n\u00e4chstes Jahr weitergehen kann mit den Seminaren und Reisen.Soviel ist schon mal klar: Wir lernen alle spontan zu sein und wir werden kurzfristig auf die jeweilige Situation reagieren m\u00fcssen. Denn so wie es heute aussieht, kann ich f\u00fcr 2021 nur Mutmassungen anstellen und &hellip; <\/p>\n<p class=\"link-more\"><a href=\"https:\/\/blog-kathrinseverin.ch\/index.php\/2020\/11\/14\/spontanes\/\" class=\"more-link\"><span class=\"screen-reader-text\">&#171;Spontanes&#8230;&#187;<\/span> weiterlesen<\/a><\/p>\n","protected":false},"author":1,"featured_media":0,"comment_status":"closed","ping_status":"closed","sticky":false,"template":"","format":"standard","meta":{"footnotes":""},"categories":[1],"tags":[],"class_list":["post-250","post","type-post","status-publish","format-standard","hentry","category-allgemein"],"_links":{"self":[{"href":"https:\/\/blog-kathrinseverin.ch\/index.php\/wp-json\/wp\/v2\/posts\/250","targetHints":{"allow":["GET"]}}],"collection":[{"href":"https:\/\/blog-kathrinseverin.ch\/index.php\/wp-json\/wp\/v2\/posts"}],"about":[{"href":"https:\/\/blog-kathrinseverin.ch\/index.php\/wp-json\/wp\/v2\/types\/post"}],"author":[{"embeddable":true,"href":"https:\/\/blog-kathrinseverin.ch\/index.php\/wp-json\/wp\/v2\/users\/1"}],"replies":[{"embeddable":true,"href":"https:\/\/blog-kathrinseverin.ch\/index.php\/wp-json\/wp\/v2\/comments?post=250"}],"version-history":[{"count":10,"href":"https:\/\/blog-kathrinseverin.ch\/index.php\/wp-json\/wp\/v2\/posts\/250\/revisions"}],"predecessor-version":[{"id":269,"href":"https:\/\/blog-kathrinseverin.ch\/index.php\/wp-json\/wp\/v2\/posts\/250\/revisions\/269"}],"wp:attachment":[{"href":"https:\/\/blog-kathrinseverin.ch\/index.php\/wp-json\/wp\/v2\/media?parent=250"}],"wp:term":[{"taxonomy":"category","embeddable":true,"href":"https:\/\/blog-kathrinseverin.ch\/index.php\/wp-json\/wp\/v2\/categories?post=250"},{"taxonomy":"post_tag","embeddable":true,"href":"https:\/\/blog-kathrinseverin.ch\/index.php\/wp-json\/wp\/v2\/tags?post=250"}],"curies":[{"name":"wp","href":"https:\/\/api.w.org\/{rel}","templated":true}]}}