{"id":82,"date":"2020-06-15T09:21:53","date_gmt":"2020-06-15T09:21:53","guid":{"rendered":"https:\/\/blog-kathrinseverin.ch\/?p=82"},"modified":"2020-06-15T13:30:04","modified_gmt":"2020-06-15T13:30:04","slug":"premiere","status":"publish","type":"post","link":"https:\/\/blog-kathrinseverin.ch\/index.php\/2020\/06\/15\/premiere\/","title":{"rendered":"Premi\u00e8re!"},"content":{"rendered":"\n<p>Herzlich willkommen auf meinem neu eingerichteten Blog.<\/p>\n\n\n\n<p>Neuigkeiten gibt es bez\u00fcglich der Seminare f\u00fcr Malen und Zeichnen im Juli und August:<br>Im Sommer finden die<a rel=\"noreferrer noopener\" href=\"https:\/\/kathrinseverin.ch\/index.php\/kursprogramm.html\" target=\"_blank\"> Seminare 6, 7, 8, 9, und 10 <\/a>statt und zus\u00e4tzlich werden die Fr\u00fchlingsseminare <a rel=\"noreferrer noopener\" href=\"https:\/\/www.kathrinseverin.ch\/index.php\/kursprogramm.html\" target=\"_blank\">Nummer 4 und 5<\/a> nachgeholt. In einigen Seminaren gibt es noch freie Pl\u00e4tze. Da wir die Abst\u00e4nde im Atelier einhalten m\u00f6chten, k\u00f6nnen pro Seminar leider nur 8 bis 9 Personen teilnehmen.<\/p>\n\n\n\n<p>Aber zuerst verreise ich mit einer Gruppe ins <a rel=\"noreferrer noopener\" href=\"https:\/\/www.kathrinseverin.ch\/index.php\/61.html\" target=\"_blank\">Val Roseg<\/a>. Ich freue mich sehr auf diese Bergwoche und nat\u00fcrlich habe ich wieder wunderbares Engadinerwetter bestellt.  Mal luege.<\/p>\n\n\n\n<figure class=\"wp-block-image size-large\"><img loading=\"lazy\" decoding=\"async\" width=\"1024\" height=\"768\" src=\"https:\/\/blog-kathrinseverin.ch\/wp-content\/uploads\/2020\/06\/Roseg_2-1024x768.jpg\" alt=\"\" class=\"wp-image-95\" srcset=\"https:\/\/blog-kathrinseverin.ch\/wp-content\/uploads\/2020\/06\/Roseg_2-1024x768.jpg 1024w, https:\/\/blog-kathrinseverin.ch\/wp-content\/uploads\/2020\/06\/Roseg_2-300x225.jpg 300w, https:\/\/blog-kathrinseverin.ch\/wp-content\/uploads\/2020\/06\/Roseg_2-768x576.jpg 768w, https:\/\/blog-kathrinseverin.ch\/wp-content\/uploads\/2020\/06\/Roseg_2-1536x1152.jpg 1536w, https:\/\/blog-kathrinseverin.ch\/wp-content\/uploads\/2020\/06\/Roseg_2-2048x1536.jpg 2048w\" sizes=\"auto, (max-width: 767px) 89vw, (max-width: 1000px) 54vw, (max-width: 1071px) 543px, 580px\" \/><\/figure>\n\n\n\n<p>Die beiden Reisen in die Toscana und in die Provence wurden auf das n\u00e4chste Jahr verschoben. Stattdessen habe ich zwei Ferienwochen in der Schweiz organisiert, wir malen und zeichnen im Bergell und im Tessin. Infos dazu gibts im n\u00e4chsten Blog, glii glii!<\/p>\n\n\n\n<p>Zum Abschluss  hier noch eine Einladung ins Gr\u00fcne.  Die Ausstellung in der Galerie und im Park in der <a rel=\"noreferrer noopener\" href=\"http:\/\/www.galerieweiertal.ch\/index.htm\" target=\"_blank\">Galerie Weiertal<\/a> ist jeweils von Donnersag  bis Samstag ge\u00f6ffnet von 14 bis 18 Uhr, am Sonntag jeweils von 11 bis 17 Uhr. Mein grosses Glasobjekt im Park hat den passenden Titel FarbFernSehen. Aaluege und sich \u00fcberraschen lassen!<\/p>\n\n\n\n<figure class=\"wp-block-image size-large\"><img loading=\"lazy\" decoding=\"async\" width=\"1024\" height=\"768\" src=\"https:\/\/blog-kathrinseverin.ch\/wp-content\/uploads\/2020\/06\/2020-06-12-16.01.56-1024x768.jpg\" alt=\"\" class=\"wp-image-96\" srcset=\"https:\/\/blog-kathrinseverin.ch\/wp-content\/uploads\/2020\/06\/2020-06-12-16.01.56-1024x768.jpg 1024w, https:\/\/blog-kathrinseverin.ch\/wp-content\/uploads\/2020\/06\/2020-06-12-16.01.56-300x225.jpg 300w, https:\/\/blog-kathrinseverin.ch\/wp-content\/uploads\/2020\/06\/2020-06-12-16.01.56-768x576.jpg 768w, https:\/\/blog-kathrinseverin.ch\/wp-content\/uploads\/2020\/06\/2020-06-12-16.01.56-1536x1152.jpg 1536w, https:\/\/blog-kathrinseverin.ch\/wp-content\/uploads\/2020\/06\/2020-06-12-16.01.56-2048x1536.jpg 2048w\" sizes=\"auto, (max-width: 767px) 89vw, (max-width: 1000px) 54vw, (max-width: 1071px) 543px, 580px\" \/><\/figure>\n\n\n\n<p>Bis bald, mit herzlichem Gruss<br>Kathrin Severin<\/p>\n","protected":false},"excerpt":{"rendered":"<p>Herzlich willkommen auf meinem neu eingerichteten Blog. Neuigkeiten gibt es bez\u00fcglich der Seminare f\u00fcr Malen und Zeichnen im Juli und August:Im Sommer finden die Seminare 6, 7, 8, 9, und 10 statt und zus\u00e4tzlich werden die Fr\u00fchlingsseminare Nummer 4 und 5 nachgeholt. In einigen Seminaren gibt es noch freie Pl\u00e4tze. Da wir die Abst\u00e4nde im &hellip; <\/p>\n<p class=\"link-more\"><a href=\"https:\/\/blog-kathrinseverin.ch\/index.php\/2020\/06\/15\/premiere\/\" class=\"more-link\"><span class=\"screen-reader-text\">&#171;Premi\u00e8re!&#187;<\/span> weiterlesen<\/a><\/p>\n","protected":false},"author":1,"featured_media":0,"comment_status":"open","ping_status":"open","sticky":false,"template":"","format":"standard","meta":{"footnotes":""},"categories":[1],"tags":[],"class_list":["post-82","post","type-post","status-publish","format-standard","hentry","category-allgemein"],"_links":{"self":[{"href":"https:\/\/blog-kathrinseverin.ch\/index.php\/wp-json\/wp\/v2\/posts\/82","targetHints":{"allow":["GET"]}}],"collection":[{"href":"https:\/\/blog-kathrinseverin.ch\/index.php\/wp-json\/wp\/v2\/posts"}],"about":[{"href":"https:\/\/blog-kathrinseverin.ch\/index.php\/wp-json\/wp\/v2\/types\/post"}],"author":[{"embeddable":true,"href":"https:\/\/blog-kathrinseverin.ch\/index.php\/wp-json\/wp\/v2\/users\/1"}],"replies":[{"embeddable":true,"href":"https:\/\/blog-kathrinseverin.ch\/index.php\/wp-json\/wp\/v2\/comments?post=82"}],"version-history":[{"count":7,"href":"https:\/\/blog-kathrinseverin.ch\/index.php\/wp-json\/wp\/v2\/posts\/82\/revisions"}],"predecessor-version":[{"id":132,"href":"https:\/\/blog-kathrinseverin.ch\/index.php\/wp-json\/wp\/v2\/posts\/82\/revisions\/132"}],"wp:attachment":[{"href":"https:\/\/blog-kathrinseverin.ch\/index.php\/wp-json\/wp\/v2\/media?parent=82"}],"wp:term":[{"taxonomy":"category","embeddable":true,"href":"https:\/\/blog-kathrinseverin.ch\/index.php\/wp-json\/wp\/v2\/categories?post=82"},{"taxonomy":"post_tag","embeddable":true,"href":"https:\/\/blog-kathrinseverin.ch\/index.php\/wp-json\/wp\/v2\/tags?post=82"}],"curies":[{"name":"wp","href":"https:\/\/api.w.org\/{rel}","templated":true}]}}