{"id":828,"date":"2022-05-21T08:54:30","date_gmt":"2022-05-21T08:54:30","guid":{"rendered":"https:\/\/blog-kathrinseverin.ch\/?p=828"},"modified":"2022-05-21T08:54:30","modified_gmt":"2022-05-21T08:54:30","slug":"haesch-gmaeckt-2-3-2-2-2-2-2-2-2-2-2-2-2","status":"publish","type":"post","link":"https:\/\/blog-kathrinseverin.ch\/index.php\/2022\/05\/21\/haesch-gmaeckt-2-3-2-2-2-2-2-2-2-2-2-2-2\/","title":{"rendered":"Klipp und klar"},"content":{"rendered":"\n<p>und kurz und b\u00fcndig: <br>Meine Ausstellungen in Greifensee und in Zumikon sind er\u00f6ffnet. <br>In der <strong>Galerie Milchh\u00fctte Zumikon<\/strong> zeige ich neue Arbeiten, Farben und Formen &#8211; Zeichnungen, Leporello-Bilder und Objekte. <\/p>\n\n\n\n<figure class=\"wp-block-image size-large\"><img loading=\"lazy\" decoding=\"async\" width=\"1024\" height=\"341\" src=\"https:\/\/blog-kathrinseverin.ch\/wp-content\/uploads\/2022\/04\/2022_Milchhu\u0308tte_Shells_2000-1024x341.jpg\" alt=\"\" class=\"wp-image-817\" srcset=\"https:\/\/blog-kathrinseverin.ch\/wp-content\/uploads\/2022\/04\/2022_Milchhu\u0308tte_Shells_2000-1024x341.jpg 1024w, https:\/\/blog-kathrinseverin.ch\/wp-content\/uploads\/2022\/04\/2022_Milchhu\u0308tte_Shells_2000-300x100.jpg 300w, https:\/\/blog-kathrinseverin.ch\/wp-content\/uploads\/2022\/04\/2022_Milchhu\u0308tte_Shells_2000-768x256.jpg 768w, https:\/\/blog-kathrinseverin.ch\/wp-content\/uploads\/2022\/04\/2022_Milchhu\u0308tte_Shells_2000-1536x511.jpg 1536w, https:\/\/blog-kathrinseverin.ch\/wp-content\/uploads\/2022\/04\/2022_Milchhu\u0308tte_Shells_2000.jpg 1968w\" sizes=\"auto, (max-width: 767px) 89vw, (max-width: 1000px) 54vw, (max-width: 1071px) 543px, 580px\" \/><\/figure>\n\n\n\n<figure class=\"wp-block-image size-large\"><img loading=\"lazy\" decoding=\"async\" width=\"1024\" height=\"576\" src=\"https:\/\/blog-kathrinseverin.ch\/wp-content\/uploads\/2021\/12\/IMG_4193_2000-1024x576.jpg\" alt=\"\" class=\"wp-image-763\" srcset=\"https:\/\/blog-kathrinseverin.ch\/wp-content\/uploads\/2021\/12\/IMG_4193_2000-1024x576.jpg 1024w, https:\/\/blog-kathrinseverin.ch\/wp-content\/uploads\/2021\/12\/IMG_4193_2000-300x169.jpg 300w, https:\/\/blog-kathrinseverin.ch\/wp-content\/uploads\/2021\/12\/IMG_4193_2000-768x432.jpg 768w, https:\/\/blog-kathrinseverin.ch\/wp-content\/uploads\/2021\/12\/IMG_4193_2000-1536x864.jpg 1536w, https:\/\/blog-kathrinseverin.ch\/wp-content\/uploads\/2021\/12\/IMG_4193_2000.jpg 2000w\" sizes=\"auto, (max-width: 767px) 89vw, (max-width: 1000px) 54vw, (max-width: 1071px) 543px, 580px\" \/><\/figure>\n\n\n\n<p>Galerie Milchh\u00fctte, Dorfstrasse 31, 8126 Zumikon<br>\u00d6ffnungszeiten:<br>20. Mai bis 4. Juni 2022<br>Donnerstag, Freitag 17 &#8211; 19 Uhr<br>Samstag, Sonntag 14 &#8211; 17 Uhr<br>Auffahrt geschlossen<br>Finissage Samstag 4. Juni 14 &#8211; 19 Uhr<br>I<strong>ch bin w\u00e4hrend den \u00d6ffnungszeiten anwesend.<\/strong><br><a href=\"http:\/\/www.kathrinseverin.ch\">www.kathrinseverin.ch<\/a> \/ <a href=\"https:\/\/freizumi.ch\/galerie-milchhuette\/\">www.freizumi.ch\/galerie-milchh\u00fctte\/<\/a><\/p>\n\n\n\n<p>Im<strong> Ateliergarten Carolyn Heer in Greifensee<\/strong> sind meine verspiegelten Glasstelen und zwei Seilarbeiten zu sehen. Im Galerieraum zeige ich Bilder mit Baumnetzwerken sowie eine feine Stele aus Seil und Glas. <br><strong>Kunstap\u00e9ros am 26. Mai und am 3. Juli von 14 bis 19 Uhr. Herzlich willkommen!<\/strong><\/p>\n\n\n\n<figure class=\"wp-block-image size-large\"><img loading=\"lazy\" decoding=\"async\" width=\"1024\" height=\"576\" src=\"https:\/\/blog-kathrinseverin.ch\/wp-content\/uploads\/2022\/04\/2022_2_Quidest_2000-1024x576.jpg\" alt=\"\" class=\"wp-image-813\" srcset=\"https:\/\/blog-kathrinseverin.ch\/wp-content\/uploads\/2022\/04\/2022_2_Quidest_2000-1024x576.jpg 1024w, https:\/\/blog-kathrinseverin.ch\/wp-content\/uploads\/2022\/04\/2022_2_Quidest_2000-300x169.jpg 300w, https:\/\/blog-kathrinseverin.ch\/wp-content\/uploads\/2022\/04\/2022_2_Quidest_2000-768x432.jpg 768w, https:\/\/blog-kathrinseverin.ch\/wp-content\/uploads\/2022\/04\/2022_2_Quidest_2000-1536x864.jpg 1536w, https:\/\/blog-kathrinseverin.ch\/wp-content\/uploads\/2022\/04\/2022_2_Quidest_2000.jpg 2000w\" sizes=\"auto, (max-width: 767px) 89vw, (max-width: 1000px) 54vw, (max-width: 1071px) 543px, 580px\" \/><\/figure>\n\n\n\n<figure class=\"wp-block-image size-large\"><img loading=\"lazy\" decoding=\"async\" width=\"1024\" height=\"341\" src=\"https:\/\/blog-kathrinseverin.ch\/wp-content\/uploads\/2022\/05\/2022_Greifensee_3x15_6125_2000-1024x341.jpg\" alt=\"\" class=\"wp-image-831\" srcset=\"https:\/\/blog-kathrinseverin.ch\/wp-content\/uploads\/2022\/05\/2022_Greifensee_3x15_6125_2000-1024x341.jpg 1024w, https:\/\/blog-kathrinseverin.ch\/wp-content\/uploads\/2022\/05\/2022_Greifensee_3x15_6125_2000-300x100.jpg 300w, https:\/\/blog-kathrinseverin.ch\/wp-content\/uploads\/2022\/05\/2022_Greifensee_3x15_6125_2000-768x256.jpg 768w, https:\/\/blog-kathrinseverin.ch\/wp-content\/uploads\/2022\/05\/2022_Greifensee_3x15_6125_2000-1536x511.jpg 1536w, https:\/\/blog-kathrinseverin.ch\/wp-content\/uploads\/2022\/05\/2022_Greifensee_3x15_6125_2000.jpg 2000w\" sizes=\"auto, (max-width: 767px) 89vw, (max-width: 1000px) 54vw, (max-width: 1071px) 543px, 580px\" \/><\/figure>\n\n\n\n<p>Ateliergarten Carolyn Heer<br>Wilsbergstrasse 10, Greifensee<br>\u00d6ffnungszeiten:<br>bis 15. Juli t\u00e4glich von 10 bis 20 Uhr<br>Kunstap\u00e9ro am 26. Mai und am 3. Juli <br><a href=\"http:\/\/www.kathrinseverin.ch\">www.kathrinseverin.ch<\/a> \/ <a href=\"http:\/\/www.carolynheer.ch\">www.carolynheer.ch<\/a><\/p>\n\n\n\n<p>Die Ausstellung <strong>&#171;unheilig&#187; im Museum Eduard Sp\u00f6rri<\/strong> in Wettingen regt zum Nachdenken an. Mit meinem Werk &#171;human rights&#187; nehme ich Bezug auf die Situation von Fl\u00fcchtlingen. Informationen zu dieser Ausstellung gibt es auf <a href=\"http:\/\/www.spoerrimuseum.ch\">spoerrimuseum.ch<\/a> und <a href=\"http:\/\/www.kathrinseverin.ch\">kathrinseverin.ch<\/a><\/p>\n\n\n\n<p>Am  17. Juni wird die <strong>Unjurierte in den Eulachhallen in Winterthur<\/strong> er\u00f6ffnet! Dort zeige ich in der Halle 2 in Koje 41 neue Zeichnungen der Serie Paris. An der Finissage am 26. Juni bin ich in der Ausstellung anwesend.<\/p>\n\n\n\n<p>Ab Mitte Juli bin ich als <strong>Artist in Residence im Kunsthaus Klosters<\/strong> anzutreffen. Ich freue mich sehr darauf, sieben Wochen lang mit dem Skizzenbuch in der Landschaft Klosters unterwegs zu sein, zu zeichnen, zu malen, zu entdecken. Ich werde hier im Blog und auf meiner Webseite <a href=\"http:\/\/www.kathirnseverin.ch\">kathrinseverin.ch<\/a>  dar\u00fcber berichten. <a href=\"http:\/\/www.kunsthausklosters.ch\">www.kunsthausklosters.ch<\/a><\/p>\n\n\n\n<p><strong>Malreisen:<\/strong><\/p>\n\n\n\n<p>Im Val Roseg w\u00e4ren vom 11. bis 17. Juni  noch zwei Pl\u00e4tze frei. <\/p>\n\n\n\n<figure class=\"wp-block-image size-large\"><img loading=\"lazy\" decoding=\"async\" width=\"1024\" height=\"576\" src=\"https:\/\/blog-kathrinseverin.ch\/wp-content\/uploads\/2020\/11\/2020_Blognov1-1024x576.jpg\" alt=\"\" class=\"wp-image-254\" srcset=\"https:\/\/blog-kathrinseverin.ch\/wp-content\/uploads\/2020\/11\/2020_Blognov1-1024x576.jpg 1024w, https:\/\/blog-kathrinseverin.ch\/wp-content\/uploads\/2020\/11\/2020_Blognov1-300x169.jpg 300w, https:\/\/blog-kathrinseverin.ch\/wp-content\/uploads\/2020\/11\/2020_Blognov1-768x432.jpg 768w, https:\/\/blog-kathrinseverin.ch\/wp-content\/uploads\/2020\/11\/2020_Blognov1-1536x864.jpg 1536w, https:\/\/blog-kathrinseverin.ch\/wp-content\/uploads\/2020\/11\/2020_Blognov1.jpg 2000w\" sizes=\"auto, (max-width: 767px) 89vw, (max-width: 1000px) 54vw, (max-width: 1071px) 543px, 580px\" \/><\/figure>\n\n\n\n<p>Und auch in der Toscana gibt es noch Platz vom 3. &#8211; 11. September. Bitte bald anmelden, bis Ende Mai kann ich noch Zimmer blockieren, danach muss ich neu anfragen.<\/p>\n\n\n\n<figure class=\"wp-block-image size-large\"><img loading=\"lazy\" decoding=\"async\" width=\"1024\" height=\"406\" src=\"https:\/\/blog-kathrinseverin.ch\/wp-content\/uploads\/2021\/11\/Toscana_5_2000-1024x406.jpg\" alt=\"\" class=\"wp-image-717\" srcset=\"https:\/\/blog-kathrinseverin.ch\/wp-content\/uploads\/2021\/11\/Toscana_5_2000-1024x406.jpg 1024w, https:\/\/blog-kathrinseverin.ch\/wp-content\/uploads\/2021\/11\/Toscana_5_2000-300x119.jpg 300w, https:\/\/blog-kathrinseverin.ch\/wp-content\/uploads\/2021\/11\/Toscana_5_2000-768x305.jpg 768w, https:\/\/blog-kathrinseverin.ch\/wp-content\/uploads\/2021\/11\/Toscana_5_2000-1536x609.jpg 1536w, https:\/\/blog-kathrinseverin.ch\/wp-content\/uploads\/2021\/11\/Toscana_5_2000.jpg 2000w\" sizes=\"auto, (max-width: 767px) 89vw, (max-width: 1000px) 54vw, (max-width: 1071px) 543px, 580px\" \/><\/figure>\n\n\n\n<p>Auch f\u00fcr die Reise in die Provence k\u00f6nnten sich noch eine oder zwei Personen anmelden. <\/p>\n\n\n\n<figure class=\"wp-block-image size-large\"><img loading=\"lazy\" decoding=\"async\" width=\"1024\" height=\"362\" src=\"https:\/\/blog-kathrinseverin.ch\/wp-content\/uploads\/2021\/11\/Uzes_4_2000-1024x362.jpg\" alt=\"\" class=\"wp-image-721\" srcset=\"https:\/\/blog-kathrinseverin.ch\/wp-content\/uploads\/2021\/11\/Uzes_4_2000-1024x362.jpg 1024w, https:\/\/blog-kathrinseverin.ch\/wp-content\/uploads\/2021\/11\/Uzes_4_2000-300x106.jpg 300w, https:\/\/blog-kathrinseverin.ch\/wp-content\/uploads\/2021\/11\/Uzes_4_2000-768x271.jpg 768w, https:\/\/blog-kathrinseverin.ch\/wp-content\/uploads\/2021\/11\/Uzes_4_2000-1536x543.jpg 1536w, https:\/\/blog-kathrinseverin.ch\/wp-content\/uploads\/2021\/11\/Uzes_4_2000.jpg 2000w\" sizes=\"auto, (max-width: 767px) 89vw, (max-width: 1000px) 54vw, (max-width: 1071px) 543px, 580px\" \/><\/figure>\n\n\n\n<p>Alle Angaben zu den Reisen finden sich hier auf der Webseite unter der <strong>Rubrik Reisen<\/strong>. Ich informiere gerne detaillierter \u00fcber meine drei Lieblingsorte &#8211; telefonisch oder per mail ks@kathrinseverin.ch. <br><br>Liebe Gr\u00fcsse<br>Kathrin Severin<\/p>\n","protected":false},"excerpt":{"rendered":"<p>und kurz und b\u00fcndig: Meine Ausstellungen in Greifensee und in Zumikon sind er\u00f6ffnet. In der Galerie Milchh\u00fctte Zumikon zeige ich neue Arbeiten, Farben und Formen &#8211; Zeichnungen, Leporello-Bilder und Objekte. Galerie Milchh\u00fctte, Dorfstrasse 31, 8126 Zumikon\u00d6ffnungszeiten:20. Mai bis 4. Juni 2022Donnerstag, Freitag 17 &#8211; 19 UhrSamstag, Sonntag 14 &#8211; 17 UhrAuffahrt geschlossenFinissage Samstag 4. Juni &hellip; <\/p>\n<p class=\"link-more\"><a href=\"https:\/\/blog-kathrinseverin.ch\/index.php\/2022\/05\/21\/haesch-gmaeckt-2-3-2-2-2-2-2-2-2-2-2-2-2\/\" class=\"more-link\"><span class=\"screen-reader-text\">&#171;Klipp und klar&#187;<\/span> weiterlesen<\/a><\/p>\n","protected":false},"author":1,"featured_media":0,"comment_status":"open","ping_status":"","sticky":false,"template":"","format":"standard","meta":{"footnotes":""},"categories":[1],"tags":[18,2,5,17,16],"class_list":["post-828","post","type-post","status-publish","format-standard","hentry","category-allgemein","tag-bad-ragartz","tag-kathrin-severin","tag-kunst","tag-reisen","tag-tri-colore"],"_links":{"self":[{"href":"https:\/\/blog-kathrinseverin.ch\/index.php\/wp-json\/wp\/v2\/posts\/828","targetHints":{"allow":["GET"]}}],"collection":[{"href":"https:\/\/blog-kathrinseverin.ch\/index.php\/wp-json\/wp\/v2\/posts"}],"about":[{"href":"https:\/\/blog-kathrinseverin.ch\/index.php\/wp-json\/wp\/v2\/types\/post"}],"author":[{"embeddable":true,"href":"https:\/\/blog-kathrinseverin.ch\/index.php\/wp-json\/wp\/v2\/users\/1"}],"replies":[{"embeddable":true,"href":"https:\/\/blog-kathrinseverin.ch\/index.php\/wp-json\/wp\/v2\/comments?post=828"}],"version-history":[{"count":4,"href":"https:\/\/blog-kathrinseverin.ch\/index.php\/wp-json\/wp\/v2\/posts\/828\/revisions"}],"predecessor-version":[{"id":833,"href":"https:\/\/blog-kathrinseverin.ch\/index.php\/wp-json\/wp\/v2\/posts\/828\/revisions\/833"}],"wp:attachment":[{"href":"https:\/\/blog-kathrinseverin.ch\/index.php\/wp-json\/wp\/v2\/media?parent=828"}],"wp:term":[{"taxonomy":"category","embeddable":true,"href":"https:\/\/blog-kathrinseverin.ch\/index.php\/wp-json\/wp\/v2\/categories?post=828"},{"taxonomy":"post_tag","embeddable":true,"href":"https:\/\/blog-kathrinseverin.ch\/index.php\/wp-json\/wp\/v2\/tags?post=828"}],"curies":[{"name":"wp","href":"https:\/\/api.w.org\/{rel}","templated":true}]}}