{"id":883,"date":"2022-11-11T14:33:16","date_gmt":"2022-11-11T14:33:16","guid":{"rendered":"https:\/\/blog-kathrinseverin.ch\/?p=883"},"modified":"2022-11-16T10:40:11","modified_gmt":"2022-11-16T10:40:11","slug":"haesch-gmaeckt-2-3-2-2-2-2-2-2-2-2-2-2-2-2-2-2","status":"publish","type":"post","link":"https:\/\/blog-kathrinseverin.ch\/index.php\/2022\/11\/11\/haesch-gmaeckt-2-3-2-2-2-2-2-2-2-2-2-2-2-2-2-2\/","title":{"rendered":"Vielf\u00e4ltiges"},"content":{"rendered":"\n<p>Vielfalt kann Diversit\u00e4t bedeuten, oder Abwechslung. Vielfalt kann Toleranz und Einf\u00fchlungsverm\u00f6gen einfordern, oder die F\u00e4higkeit, sich immer wieder auf Neues einzulassen. Vielfalt kann verwirren und das Entscheidungsverm\u00f6gen \u00fcberfordern. Oder dazu anregen, immer wieder neue Seiten an sich und anderen zu entdecken. <\/p>\n\n\n\n<figure class=\"wp-block-image size-large\"><img loading=\"lazy\" decoding=\"async\" width=\"1024\" height=\"739\" src=\"https:\/\/blog-kathrinseverin.ch\/wp-content\/uploads\/2022\/11\/2022_Rom_2000-1024x739.jpg\" alt=\"\" class=\"wp-image-886\" srcset=\"https:\/\/blog-kathrinseverin.ch\/wp-content\/uploads\/2022\/11\/2022_Rom_2000-1024x739.jpg 1024w, https:\/\/blog-kathrinseverin.ch\/wp-content\/uploads\/2022\/11\/2022_Rom_2000-300x216.jpg 300w, https:\/\/blog-kathrinseverin.ch\/wp-content\/uploads\/2022\/11\/2022_Rom_2000-768x554.jpg 768w, https:\/\/blog-kathrinseverin.ch\/wp-content\/uploads\/2022\/11\/2022_Rom_2000-1536x1108.jpg 1536w, https:\/\/blog-kathrinseverin.ch\/wp-content\/uploads\/2022\/11\/2022_Rom_2000.jpg 2000w\" sizes=\"auto, (max-width: 767px) 89vw, (max-width: 1000px) 54vw, (max-width: 1071px) 543px, 580px\" \/><figcaption class=\"wp-element-caption\">&#8230;si parla a mani&#8230;<\/figcaption><\/figure>\n\n\n\n<p>&#8230; und jetzt ein eleganter Bogen zu Gef\u00e4lteltem, das ist auch vielf\u00e4ltig &#8211; sprich zu den Leporellos. Das oben Erw\u00e4hnte, gilt n\u00e4mlich auch f\u00fcrs Zeichnen. Ganz besonders, wenn man viel unterwegs ist. Aus diesen Gedanken ist der Titel f\u00fcr meine n\u00e4chste Ausstellung entstanden:<\/p>\n\n\n\n<p><strong>Herzliche Einladung zur Ausstellung &#171;Vielfalt&#187;<\/strong><\/p>\n\n\n\n<p>Ich zeige Leporellos und Skizzenb\u00fccher von allen meinen Reisen im 2022. Zeichnungen in verschiedenen Techniken, fl\u00fcchtige Eindr\u00fccke oder ganz in Ruhe eingefangene Situationen. Alles, was in diesem Jahr entstanden ist &#8211; ein Jahresr\u00fcckblick. <\/p>\n\n\n\n<p>Im Atelier gibt es auch Informationen \u00fcber die Skizzier-Reisen nach Paris und die Malwochen in Santa Margherita, im Val Roseg, in Matera und der Provence. <br>Also, bitte den  <strong>1. &#8211; 4. Dezember 2022<\/strong> dick anstreichen und  von 14 bis 18 Uhr an der Oberm\u00fchlestrasse 2 in Winterthur vorbeischauen. Eine Anmeldung ist nicht notwendig. Nat\u00fcrlich k\u00f6nnen meine Werke auch gekauft werden &#8211; einige haben bereits ein rotes P\u00fcnktli.<br><br><strong>Un viaggio in Italia<\/strong><\/p>\n\n\n\n<p>Wenn ich meine drei Wochen Italien Revue passieren lasse &#8211; da \u00fcberlege  ich mir schon, ob Italien \u00e4cht s\u00fcchtig macht! Die Tage in Rom waren gef\u00fcllt mit Entdeckungen &#8211; eigentlich, so habe ich beschlossen, m\u00fcsste ich einmal ein halbes Jahr in Rom wohnen um mich etwas zurecht zu finden in der F\u00fclle und um einen vertieften Einblick zu bekommen. Gezeichnet habe ich (vielzu-)wenig &#8211; es gab soviel zu sehen! <br><\/p>\n\n\n\n<figure class=\"wp-block-image size-large\"><img loading=\"lazy\" decoding=\"async\" width=\"1024\" height=\"266\" src=\"https:\/\/blog-kathrinseverin.ch\/wp-content\/uploads\/2022\/11\/2022_Roma_1_2000-1024x266.jpg\" alt=\"\" class=\"wp-image-887\" srcset=\"https:\/\/blog-kathrinseverin.ch\/wp-content\/uploads\/2022\/11\/2022_Roma_1_2000-1024x266.jpg 1024w, https:\/\/blog-kathrinseverin.ch\/wp-content\/uploads\/2022\/11\/2022_Roma_1_2000-300x78.jpg 300w, https:\/\/blog-kathrinseverin.ch\/wp-content\/uploads\/2022\/11\/2022_Roma_1_2000-768x199.jpg 768w, https:\/\/blog-kathrinseverin.ch\/wp-content\/uploads\/2022\/11\/2022_Roma_1_2000-1536x399.jpg 1536w, https:\/\/blog-kathrinseverin.ch\/wp-content\/uploads\/2022\/11\/2022_Roma_1_2000.jpg 2000w\" sizes=\"auto, (max-width: 767px) 89vw, (max-width: 1000px) 54vw, (max-width: 1071px) 543px, 580px\" \/><\/figure>\n\n\n\n<p>Auf Rom folgte Pompei, am Tag danach das arch\u00e4ologische Museum in Neapel. Da wurde meine Sicht auf die Kunstgeschichte t\u00fcchtig durchgesch\u00fcttelt. Nur soviel: Perspektive? Giotto und danach nichts mehr bis zur Renaissance? Nix is, hier ein Beispiel, ein paar kleine Fresken aus Pompei, ca. 50. n. Chr: <\/p>\n\n\n\n<figure class=\"wp-block-image size-large\"><img loading=\"lazy\" decoding=\"async\" width=\"1024\" height=\"474\" src=\"https:\/\/blog-kathrinseverin.ch\/wp-content\/uploads\/2022\/11\/2022_pompei_1_2000-1024x474.jpg\" alt=\"\" class=\"wp-image-888\" srcset=\"https:\/\/blog-kathrinseverin.ch\/wp-content\/uploads\/2022\/11\/2022_pompei_1_2000-1024x474.jpg 1024w, https:\/\/blog-kathrinseverin.ch\/wp-content\/uploads\/2022\/11\/2022_pompei_1_2000-300x139.jpg 300w, https:\/\/blog-kathrinseverin.ch\/wp-content\/uploads\/2022\/11\/2022_pompei_1_2000-768x356.jpg 768w, https:\/\/blog-kathrinseverin.ch\/wp-content\/uploads\/2022\/11\/2022_pompei_1_2000-1536x711.jpg 1536w, https:\/\/blog-kathrinseverin.ch\/wp-content\/uploads\/2022\/11\/2022_pompei_1_2000.jpg 2000w\" sizes=\"auto, (max-width: 767px) 89vw, (max-width: 1000px) 54vw, (max-width: 1071px) 543px, 580px\" \/><\/figure>\n\n\n\n<figure class=\"wp-block-image size-large\"><img loading=\"lazy\" decoding=\"async\" width=\"1024\" height=\"543\" src=\"https:\/\/blog-kathrinseverin.ch\/wp-content\/uploads\/2022\/11\/2022_Pompei_2_2000-1024x543.jpg\" alt=\"\" class=\"wp-image-889\" srcset=\"https:\/\/blog-kathrinseverin.ch\/wp-content\/uploads\/2022\/11\/2022_Pompei_2_2000-1024x543.jpg 1024w, https:\/\/blog-kathrinseverin.ch\/wp-content\/uploads\/2022\/11\/2022_Pompei_2_2000-300x159.jpg 300w, https:\/\/blog-kathrinseverin.ch\/wp-content\/uploads\/2022\/11\/2022_Pompei_2_2000-768x407.jpg 768w, https:\/\/blog-kathrinseverin.ch\/wp-content\/uploads\/2022\/11\/2022_Pompei_2_2000-1536x815.jpg 1536w, https:\/\/blog-kathrinseverin.ch\/wp-content\/uploads\/2022\/11\/2022_Pompei_2_2000.jpg 2000w\" sizes=\"auto, (max-width: 767px) 89vw, (max-width: 1000px) 54vw, (max-width: 1071px) 543px, 580px\" \/><\/figure>\n\n\n\n<figure class=\"wp-block-image size-large\"><img loading=\"lazy\" decoding=\"async\" width=\"1024\" height=\"400\" src=\"https:\/\/blog-kathrinseverin.ch\/wp-content\/uploads\/2022\/11\/2022_Pompei_4_2000-1024x400.jpg\" alt=\"\" class=\"wp-image-890\" srcset=\"https:\/\/blog-kathrinseverin.ch\/wp-content\/uploads\/2022\/11\/2022_Pompei_4_2000-1024x400.jpg 1024w, https:\/\/blog-kathrinseverin.ch\/wp-content\/uploads\/2022\/11\/2022_Pompei_4_2000-300x117.jpg 300w, https:\/\/blog-kathrinseverin.ch\/wp-content\/uploads\/2022\/11\/2022_Pompei_4_2000-768x300.jpg 768w, https:\/\/blog-kathrinseverin.ch\/wp-content\/uploads\/2022\/11\/2022_Pompei_4_2000-1536x600.jpg 1536w, https:\/\/blog-kathrinseverin.ch\/wp-content\/uploads\/2022\/11\/2022_Pompei_4_2000.jpg 2000w\" sizes=\"auto, (max-width: 767px) 89vw, (max-width: 1000px) 54vw, (max-width: 1071px) 543px, 580px\" \/><\/figure>\n\n\n\n<p><\/p>\n\n\n\n<p>Ja, und nach Pompei dann noch Paestum &#8211; da h\u00e4tte ich ewig weiterzeichnen k\u00f6nnen! <\/p>\n\n\n\n<figure class=\"wp-block-image size-large\"><img loading=\"lazy\" decoding=\"async\" width=\"1024\" height=\"398\" src=\"https:\/\/blog-kathrinseverin.ch\/wp-content\/uploads\/2022\/11\/2022_Poaestum_2000-1024x398.jpg\" alt=\"\" class=\"wp-image-891\" srcset=\"https:\/\/blog-kathrinseverin.ch\/wp-content\/uploads\/2022\/11\/2022_Poaestum_2000-1024x398.jpg 1024w, https:\/\/blog-kathrinseverin.ch\/wp-content\/uploads\/2022\/11\/2022_Poaestum_2000-300x117.jpg 300w, https:\/\/blog-kathrinseverin.ch\/wp-content\/uploads\/2022\/11\/2022_Poaestum_2000-768x298.jpg 768w, https:\/\/blog-kathrinseverin.ch\/wp-content\/uploads\/2022\/11\/2022_Poaestum_2000-1536x597.jpg 1536w, https:\/\/blog-kathrinseverin.ch\/wp-content\/uploads\/2022\/11\/2022_Poaestum_2000.jpg 2000w\" sizes=\"auto, (max-width: 767px) 89vw, (max-width: 1000px) 54vw, (max-width: 1071px) 543px, 580px\" \/><\/figure>\n\n\n\n<p> Und dann Matera! Ich hatte viel dar\u00fcber geh\u00f6rt, einiges gelesen. Aber das Original ist definitiv eine Reise wert. In der Altstadt &#8211; den Sassi &#8211; zu zeichnen, ist fantastisch. Von Matera bin ich so begeistert, dass ich subito eine Malreise f\u00fcr n\u00e4chstes Jahr organisiert habe!<\/p>\n\n\n\n<figure class=\"wp-block-image size-large\"><img loading=\"lazy\" decoding=\"async\" width=\"1024\" height=\"481\" src=\"https:\/\/blog-kathrinseverin.ch\/wp-content\/uploads\/2022\/11\/2022_Matera_7_2000-1024x481.jpg\" alt=\"\" class=\"wp-image-893\" srcset=\"https:\/\/blog-kathrinseverin.ch\/wp-content\/uploads\/2022\/11\/2022_Matera_7_2000-1024x481.jpg 1024w, https:\/\/blog-kathrinseverin.ch\/wp-content\/uploads\/2022\/11\/2022_Matera_7_2000-300x141.jpg 300w, https:\/\/blog-kathrinseverin.ch\/wp-content\/uploads\/2022\/11\/2022_Matera_7_2000-768x361.jpg 768w, https:\/\/blog-kathrinseverin.ch\/wp-content\/uploads\/2022\/11\/2022_Matera_7_2000-1536x722.jpg 1536w, https:\/\/blog-kathrinseverin.ch\/wp-content\/uploads\/2022\/11\/2022_Matera_7_2000.jpg 2000w\" sizes=\"auto, (max-width: 767px) 89vw, (max-width: 1000px) 54vw, (max-width: 1071px) 543px, 580px\" \/><\/figure>\n\n\n\n<p>Ja, und dann noch ein paar Tage an der Amalfik\u00fcste &#8211; was soll ich sagen: Soo sch\u00f6n, fasch chli kitschig! Ich glaube, Italien hat schon ein gewisses Suchtpotential! (Und bei allem Chaos, bei allem was nicht funktioniert oder uns\u00e4glich lange dauert &#8211; bei den Italienern dr\u00fccke ich immer ein Auge zu. Eeeh! Si parla a mani!<\/p>\n\n\n\n<figure class=\"wp-block-image size-large\"><img loading=\"lazy\" decoding=\"async\" width=\"1024\" height=\"383\" src=\"https:\/\/blog-kathrinseverin.ch\/wp-content\/uploads\/2022\/11\/2022_Amalfi_2000-1024x383.jpg\" alt=\"\" class=\"wp-image-894\" srcset=\"https:\/\/blog-kathrinseverin.ch\/wp-content\/uploads\/2022\/11\/2022_Amalfi_2000-1024x383.jpg 1024w, https:\/\/blog-kathrinseverin.ch\/wp-content\/uploads\/2022\/11\/2022_Amalfi_2000-300x112.jpg 300w, https:\/\/blog-kathrinseverin.ch\/wp-content\/uploads\/2022\/11\/2022_Amalfi_2000-768x288.jpg 768w, https:\/\/blog-kathrinseverin.ch\/wp-content\/uploads\/2022\/11\/2022_Amalfi_2000-1536x575.jpg 1536w, https:\/\/blog-kathrinseverin.ch\/wp-content\/uploads\/2022\/11\/2022_Amalfi_2000.jpg 2000w\" sizes=\"auto, (max-width: 767px) 89vw, (max-width: 1000px) 54vw, (max-width: 1071px) 543px, 580px\" \/><\/figure>\n\n\n\n<p><strong>Kunsthaus Klosters, Abschlussfest<\/strong><\/p>\n\n\n\n<p>Herzliche Einladung zum Abschlussfest im Kunsthaus Klosters am 26. November. Ab 12 Uhr feiern wir Finissage &#8211; ich freue mich, meine Arbeiten zu zeigen und ab 13 Uhr bei einem  Mittagessen mit vielen Besuchern zu plaudern. Noch bis  am 26. November sind jene Werke zu sehen, die ich w\u00e4hrend meinem Artist-in-Residence Aufenthalt geschaffen habe. Infos zum Kunsthaus Klosters gibts <a href=\"https:\/\/www.kunsthausklosters.ch\/\">hier:<\/a>  Ein Besuch lohnt sich in jedem Fall. Eindr\u00fcckliche, vielsagende, witzige und zum Nachdenken anregende  Arbeiten von 60 K\u00fcnstlerinnen und K\u00fcnstlern sind dort zu erleben.<\/p>\n\n\n\n<p><strong>Reisen 2023 &#8211; Juhui!<\/strong><\/p>\n\n\n\n<p>Die Mal- und Skizzier-Reisen f\u00fcr das n\u00e4chste Jahr sind fertig geplant. Ende April gehts nach <strong>Paris<\/strong>, danach  folgt <strong>Santa Margherita<\/strong> in der N\u00e4he von Genua. (Urspr\u00fcnglich geplant war Camogli)  Im Juni malen wir zwei Wochen im <strong>Val Roseg<\/strong>. Im September ist die Provence dran mit <strong>Uz\u00e8s<\/strong>, und Anfang Oktober gehts dann nochmal in den S\u00fcden, nach <strong>Matera<\/strong>. Matera ist neu hinzugekommen, ebenso Santa Margherita. Daf\u00fcr muss die Toscana ein Jahr pausieren.<\/p>\n\n\n\n<p>Alle Reisen sind der Rubrik detailliert vorgestellt. Wer noch mehr dar\u00fcber wissen m\u00f6chte, kann einfach vom Anfang Dezember bei mir im Atelier vorbeikommen &#8211; ich werde gerne etwas schw\u00e4rmen und dabei ein paar Skizzen zeigen. Im Atelier k\u00f6nnte man sich  auch mit neuen Skizzenb\u00fcchern eindecken. Und wer sich f\u00fcr eine Reise anmelden m\u00f6chte, macht das am einfachsten per mail auf <a href=\"mailto:ks@kathrinseverin.ch\">ks@kathrinseverin.ch<\/a><\/p>\n\n\n\n<p><\/p>\n\n\n\n<figure class=\"wp-block-image size-large\"><img loading=\"lazy\" decoding=\"async\" width=\"1024\" height=\"301\" src=\"https:\/\/blog-kathrinseverin.ch\/wp-content\/uploads\/2022\/11\/ValRoseg_Talx_2000-1024x301.jpg\" alt=\"\" class=\"wp-image-895\" srcset=\"https:\/\/blog-kathrinseverin.ch\/wp-content\/uploads\/2022\/11\/ValRoseg_Talx_2000-1024x301.jpg 1024w, https:\/\/blog-kathrinseverin.ch\/wp-content\/uploads\/2022\/11\/ValRoseg_Talx_2000-300x88.jpg 300w, https:\/\/blog-kathrinseverin.ch\/wp-content\/uploads\/2022\/11\/ValRoseg_Talx_2000-768x225.jpg 768w, https:\/\/blog-kathrinseverin.ch\/wp-content\/uploads\/2022\/11\/ValRoseg_Talx_2000-1536x451.jpg 1536w, https:\/\/blog-kathrinseverin.ch\/wp-content\/uploads\/2022\/11\/ValRoseg_Talx_2000.jpg 2000w\" sizes=\"auto, (max-width: 767px) 89vw, (max-width: 1000px) 54vw, (max-width: 1071px) 543px, 580px\" \/><figcaption class=\"wp-element-caption\">&#8230;au im Val Roseg isch sch\u00f6n!<\/figcaption><\/figure>\n\n\n\n<p>Ich freue mich auf ein baldiges Wiedersehen &#8211; in Klosters  oder im Atelier, Anfang Dezember.<br><br>Herzliche Gr\u00fcsse<br>Kathrin Severin<\/p>\n","protected":false},"excerpt":{"rendered":"<p>Vielfalt kann Diversit\u00e4t bedeuten, oder Abwechslung. Vielfalt kann Toleranz und Einf\u00fchlungsverm\u00f6gen einfordern, oder die F\u00e4higkeit, sich immer wieder auf Neues einzulassen. Vielfalt kann verwirren und das Entscheidungsverm\u00f6gen \u00fcberfordern. Oder dazu anregen, immer wieder neue Seiten an sich und anderen zu entdecken. &#8230; und jetzt ein eleganter Bogen zu Gef\u00e4lteltem, das ist auch vielf\u00e4ltig &#8211; sprich &hellip; <\/p>\n<p class=\"link-more\"><a href=\"https:\/\/blog-kathrinseverin.ch\/index.php\/2022\/11\/11\/haesch-gmaeckt-2-3-2-2-2-2-2-2-2-2-2-2-2-2-2-2\/\" class=\"more-link\"><span class=\"screen-reader-text\">&#171;Vielf\u00e4ltiges&#187;<\/span> weiterlesen<\/a><\/p>\n","protected":false},"author":1,"featured_media":0,"comment_status":"open","ping_status":"","sticky":false,"template":"","format":"standard","meta":{"footnotes":""},"categories":[1],"tags":[18,2,5,17,16],"class_list":["post-883","post","type-post","status-publish","format-standard","hentry","category-allgemein","tag-bad-ragartz","tag-kathrin-severin","tag-kunst","tag-reisen","tag-tri-colore"],"_links":{"self":[{"href":"https:\/\/blog-kathrinseverin.ch\/index.php\/wp-json\/wp\/v2\/posts\/883","targetHints":{"allow":["GET"]}}],"collection":[{"href":"https:\/\/blog-kathrinseverin.ch\/index.php\/wp-json\/wp\/v2\/posts"}],"about":[{"href":"https:\/\/blog-kathrinseverin.ch\/index.php\/wp-json\/wp\/v2\/types\/post"}],"author":[{"embeddable":true,"href":"https:\/\/blog-kathrinseverin.ch\/index.php\/wp-json\/wp\/v2\/users\/1"}],"replies":[{"embeddable":true,"href":"https:\/\/blog-kathrinseverin.ch\/index.php\/wp-json\/wp\/v2\/comments?post=883"}],"version-history":[{"count":12,"href":"https:\/\/blog-kathrinseverin.ch\/index.php\/wp-json\/wp\/v2\/posts\/883\/revisions"}],"predecessor-version":[{"id":1005,"href":"https:\/\/blog-kathrinseverin.ch\/index.php\/wp-json\/wp\/v2\/posts\/883\/revisions\/1005"}],"wp:attachment":[{"href":"https:\/\/blog-kathrinseverin.ch\/index.php\/wp-json\/wp\/v2\/media?parent=883"}],"wp:term":[{"taxonomy":"category","embeddable":true,"href":"https:\/\/blog-kathrinseverin.ch\/index.php\/wp-json\/wp\/v2\/categories?post=883"},{"taxonomy":"post_tag","embeddable":true,"href":"https:\/\/blog-kathrinseverin.ch\/index.php\/wp-json\/wp\/v2\/tags?post=883"}],"curies":[{"name":"wp","href":"https:\/\/api.w.org\/{rel}","templated":true}]}}